{"id":9173,"date":"2019-03-15T12:29:37","date_gmt":"2019-03-15T09:29:37","guid":{"rendered":"https:\/\/iletim.istanbul.edu.tr\/?p=9173"},"modified":"2019-03-15T13:33:19","modified_gmt":"2019-03-15T10:33:19","slug":"serhan-serterden-fotograf-cekeceklere-onemli-tavsiyeler","status":"publish","type":"post","link":"https:\/\/iletim.istanbul.edu.tr\/index.php\/2019\/03\/15\/serhan-serterden-fotograf-cekeceklere-onemli-tavsiyeler\/","title":{"rendered":"Serhan Serter&#8217;den Foto\u011fraf \u00c7ekeceklere \u00d6nemli Tavsiyeler"},"content":{"rendered":"<p><strong>I\u015f\u0131l \u015eIP\u00c7IK, \u00d6zge TAN<\/strong><\/p>\n<p><strong>Foto\u011fraf: Mehmet Ali KEVE, \u00d6zge TAN<\/strong><\/p>\n<p>\u0130stanbul \u00dcniversitesi Foto\u011fraf Kul\u00fcb\u00fcn\u00fcn Gen\u00e7lik ve Spor Bakanl\u0131\u011f\u0131 destekli &#8220;Benim Objektifim&#8221; projesi kapsam\u0131nda d\u00fc\u011f\u00fcn foto\u011fraf\u00e7\u0131s\u0131 Serhan Serter \u00f6\u011frencilerle deneyimlerini payla\u015fmak \u00fczere \u0130\u00dc \u0130leti\u015fim Fak\u00fcltesi\u2019ne konuk oldu.<\/p>\n<p><strong>Nikah Dairesinden \u0130stanbul \u00dcniversitesi&#8217;ne<\/strong><\/p>\n<p>Canon T\u00fcrkiye\u2019nin d\u00fc\u011f\u00fcn foto\u011fraf\u00e7\u0131l\u0131\u011f\u0131 resmi el\u00e7isi olan Serter, ayn\u0131 zamanda T\u00fcrkiye D\u00fc\u011f\u00fcn Foto\u011fraf\u00e7\u0131lar\u0131 Derne\u011fi\u2019nin kurucusu. Foto\u011fraf\u00e7\u0131 olmak i\u00e7in i\u015finden istifa etti\u011fini a\u00e7\u0131klayan Serter, Foto\u011fraf\u00e7\u0131l\u0131k kariyerine nik\u00e2h dairelerinde foto\u011fraf \u00e7ekmekle ba\u015flad\u0131\u011f\u0131n\u0131 anlat\u0131rken, \u201cHi\u00e7 akl\u0131ma gelmezdi o zamanlar bah\u015fi\u015f isterken \u0130stanbul \u00dcniversitesi\u2019ne gelip s\u00f6yle\u015fi yapaca\u011f\u0131m\u201d s\u00f6zlerini kulland\u0131.<\/p>\n<p><img decoding=\"async\" class=\"alignnone size-full wp-image-9185\" src=\"https:\/\/iletim.istanbul.edu.tr\/wp-content\/uploads\/IMG-20190314-WA0047.jpg\" alt=\"\" width=\"865\" height=\"576\" srcset=\"https:\/\/iletim.istanbul.edu.tr\/wp-content\/uploads\/IMG-20190314-WA0047.jpg 865w, https:\/\/iletim.istanbul.edu.tr\/wp-content\/uploads\/IMG-20190314-WA0047-300x200.jpg 300w, https:\/\/iletim.istanbul.edu.tr\/wp-content\/uploads\/IMG-20190314-WA0047-768x511.jpg 768w\" sizes=\"(max-width: 865px) 100vw, 865px\" \/><\/p>\n<p><strong>Foto\u011fraf I\u015f\u0131kla Varolur<\/strong><\/p>\n<p>Serter, \u201cMakine ayarlar\u0131n\u0131 ezberlemek d\u0131\u015f\u0131nda bir \u015feyler var bu hayatta\u201d diyerek herkesin foto\u011fraf \u00e7ekmeyi bildi\u011fini ama ne kadar\u0131n\u0131 uygulayabildi\u011fini bilmedi\u011fini belirtti. Foto\u011fraf\u0131n \u0131\u015f\u0131kla var oldu\u011fu konusuna de\u011finen Serter, g\u00f6lgelerin de foto\u011fraftaki boyutland\u0131rma konusunda \u00f6nemli oldu\u011funa dikkat \u00e7ekti.<\/p>\n<p>S\u00f6yle\u015fide, Serter\u2019in \u00e7ekti\u011fi foto\u011fraflar\u0131n g\u00f6sterimi yap\u0131ld\u0131 ve foto\u011fraflarla ilgili bilgiler verildi.<\/p>\n<p>Foto\u011fraf\u0131 \u00e7ekti\u011finiz yerde \u00fcretti\u011finiz g\u00f6r\u00fcnt\u00fclerin i\u00e7erdi\u011fi her \u015feyden foto\u011fraf\u0131 \u00e7ekenin sorumlu oldu\u011funun alt\u0131n\u0131 \u00e7izen Serter, \u201c\u00dcretmek istedi\u011finiz dikd\u00f6rtgenin i\u00e7ine sizin anlatmak istemedi\u011finiz bir \u015feyi eklemeyin\u201d s\u00f6zleriyle foto\u011fraf\u00e7\u0131l\u0131k \u00fczerine kariyer yapmak isteyenlere tavsiye verdi.<\/p>\n<p>Serter, \u201c\u0130yi foto\u011fraf\u00e7\u0131 olmak istiyorsan\u0131z, \u00f6nce iyi bir insan olmal\u0131s\u0131n\u0131z\u201d diyerek s\u00f6zlerini sonland\u0131rd\u0131.<\/p>\n<p><strong>SERHAN SERTER&#8217;\u0130N \u00c7EKT\u0130\u011e\u0130 FOTO\u011eRAFLARINDAN \u00d6RNEKLER<\/strong><\/p>\n<p><img decoding=\"async\" class=\"alignnone size-full wp-image-9197\" src=\"https:\/\/iletim.istanbul.edu.tr\/wp-content\/uploads\/120713093220_TR.jpg\" alt=\"\" width=\"894\" height=\"596\" srcset=\"https:\/\/iletim.istanbul.edu.tr\/wp-content\/uploads\/120713093220_TR.jpg 894w, https:\/\/iletim.istanbul.edu.tr\/wp-content\/uploads\/120713093220_TR-300x200.jpg 300w, https:\/\/iletim.istanbul.edu.tr\/wp-content\/uploads\/120713093220_TR-768x512.jpg 768w\" sizes=\"(max-width: 894px) 100vw, 894px\" \/><\/p>\n<p><img decoding=\"async\" class=\"alignnone size-full wp-image-9196\" src=\"https:\/\/iletim.istanbul.edu.tr\/wp-content\/uploads\/120713093325_TR.jpg\" alt=\"\" width=\"894\" height=\"596\" srcset=\"https:\/\/iletim.istanbul.edu.tr\/wp-content\/uploads\/120713093325_TR.jpg 894w, https:\/\/iletim.istanbul.edu.tr\/wp-content\/uploads\/120713093325_TR-300x200.jpg 300w, https:\/\/iletim.istanbul.edu.tr\/wp-content\/uploads\/120713093325_TR-768x512.jpg 768w\" sizes=\"(max-width: 894px) 100vw, 894px\" \/><\/p>\n<p><img decoding=\"async\" class=\"alignnone size-full wp-image-9198\" src=\"https:\/\/iletim.istanbul.edu.tr\/wp-content\/uploads\/120713093308_TR.jpg\" alt=\"\" width=\"894\" height=\"596\" srcset=\"https:\/\/iletim.istanbul.edu.tr\/wp-content\/uploads\/120713093308_TR.jpg 894w, https:\/\/iletim.istanbul.edu.tr\/wp-content\/uploads\/120713093308_TR-300x200.jpg 300w, https:\/\/iletim.istanbul.edu.tr\/wp-content\/uploads\/120713093308_TR-768x512.jpg 768w\" sizes=\"(max-width: 894px) 100vw, 894px\" \/><\/p>\n<div id='gallery_1' class='gallery galleryid-9173 gallery-columns-4 gallery-size-thumbnail'><figure class='gallery-item'>\n                <div class='gallery-icon landscape'>\n                    <a href='https:\/\/iletim.istanbul.edu.tr\/wp-content\/uploads\/5e84f2fc-dfe5-4a43-be58-d8f93289b3a4.jpg'><img loading=\"lazy\" decoding=\"async\" width=\"150\" height=\"150\" src=\"\" class=\"attachment-thumbnail size-thumbnail lazyload\" alt=\"\" data-src=\"https:\/\/iletim.istanbul.edu.tr\/wp-content\/uploads\/5e84f2fc-dfe5-4a43-be58-d8f93289b3a4-150x150.jpg\" data-sizes=\"auto\" data-srcset=\"\" data-expand=\"700\" \/><\/a>\n                <\/div><\/figure><figure class='gallery-item'>\n                <div class='gallery-icon landscape'>\n                    <a href='https:\/\/iletim.istanbul.edu.tr\/wp-content\/uploads\/c94aeb62-c13e-43de-8092-293a36dfabf2.jpg'><img loading=\"lazy\" decoding=\"async\" width=\"150\" height=\"150\" src=\"\" class=\"attachment-thumbnail size-thumbnail lazyload\" alt=\"\" data-src=\"https:\/\/iletim.istanbul.edu.tr\/wp-content\/uploads\/c94aeb62-c13e-43de-8092-293a36dfabf2-150x150.jpg\" data-sizes=\"auto\" data-srcset=\"\" data-expand=\"700\" \/><\/a>\n                <\/div><\/figure><figure class='gallery-item'>\n                <div class='gallery-icon landscape'>\n                    <a href='https:\/\/iletim.istanbul.edu.tr\/wp-content\/uploads\/DSC04855.jpg'><img loading=\"lazy\" decoding=\"async\" width=\"150\" height=\"150\" src=\"\" class=\"attachment-thumbnail size-thumbnail lazyload\" alt=\"\" data-src=\"https:\/\/iletim.istanbul.edu.tr\/wp-content\/uploads\/DSC04855-150x150.jpg\" data-sizes=\"auto\" data-srcset=\"\" data-expand=\"700\" \/><\/a>\n                <\/div><\/figure><figure class='gallery-item'>\n                <div class='gallery-icon landscape'>\n                    <a href='https:\/\/iletim.istanbul.edu.tr\/wp-content\/uploads\/e6f983b5-77c4-4cda-a63a-19a2f91ceea9.jpg'><img loading=\"lazy\" decoding=\"async\" width=\"150\" height=\"150\" src=\"\" class=\"attachment-thumbnail size-thumbnail lazyload\" alt=\"\" data-src=\"https:\/\/iletim.istanbul.edu.tr\/wp-content\/uploads\/e6f983b5-77c4-4cda-a63a-19a2f91ceea9-150x150.jpg\" data-sizes=\"auto\" data-srcset=\"\" data-expand=\"700\" \/><\/a>\n                <\/div><\/figure><br style=\"clear: both\" \/><figure class='gallery-item'>\n                <div class='gallery-icon landscape'>\n                    <a href='https:\/\/iletim.istanbul.edu.tr\/wp-content\/uploads\/f7c8ba63-9c0a-4cfc-816f-0ed35dc86fc0.jpg'><img loading=\"lazy\" decoding=\"async\" width=\"150\" height=\"150\" src=\"\" class=\"attachment-thumbnail size-thumbnail lazyload\" alt=\"\" data-src=\"https:\/\/iletim.istanbul.edu.tr\/wp-content\/uploads\/f7c8ba63-9c0a-4cfc-816f-0ed35dc86fc0-150x150.jpg\" data-sizes=\"auto\" data-srcset=\"\" data-expand=\"700\" \/><\/a>\n                <\/div><\/figure><figure class='gallery-item'>\n                <div class='gallery-icon landscape'>\n                    <a href='https:\/\/iletim.istanbul.edu.tr\/wp-content\/uploads\/IMG-20190314-WA0025.jpg'><img loading=\"lazy\" decoding=\"async\" width=\"150\" height=\"150\" src=\"\" class=\"attachment-thumbnail size-thumbnail lazyload\" alt=\"\" data-src=\"https:\/\/iletim.istanbul.edu.tr\/wp-content\/uploads\/IMG-20190314-WA0025-150x150.jpg\" data-sizes=\"auto\" data-srcset=\"\" data-expand=\"700\" \/><\/a>\n                <\/div><\/figure><figure class='gallery-item'>\n                <div class='gallery-icon landscape'>\n                    <a href='https:\/\/iletim.istanbul.edu.tr\/wp-content\/uploads\/IMG-20190314-WA0030.jpg'><img loading=\"lazy\" decoding=\"async\" width=\"150\" height=\"150\" src=\"\" class=\"attachment-thumbnail size-thumbnail lazyload\" alt=\"\" data-src=\"https:\/\/iletim.istanbul.edu.tr\/wp-content\/uploads\/IMG-20190314-WA0030-150x150.jpg\" data-sizes=\"auto\" data-srcset=\"\" data-expand=\"700\" \/><\/a>\n                <\/div><\/figure><figure class='gallery-item'>\n                <div class='gallery-icon landscape'>\n                    <a href='https:\/\/iletim.istanbul.edu.tr\/wp-content\/uploads\/IMG-20190314-WA0037.jpg'><img loading=\"lazy\" decoding=\"async\" width=\"150\" height=\"150\" src=\"\" class=\"attachment-thumbnail size-thumbnail lazyload\" alt=\"\" data-src=\"https:\/\/iletim.istanbul.edu.tr\/wp-content\/uploads\/IMG-20190314-WA0037-150x150.jpg\" data-sizes=\"auto\" data-srcset=\"\" data-expand=\"700\" \/><\/a>\n                <\/div><\/figure><br style=\"clear: both\" \/><figure class='gallery-item'>\n                <div class='gallery-icon landscape'>\n                    <a href='https:\/\/iletim.istanbul.edu.tr\/wp-content\/uploads\/IMG-20190314-WA0042.jpg'><img loading=\"lazy\" decoding=\"async\" width=\"150\" height=\"150\" src=\"\" class=\"attachment-thumbnail size-thumbnail lazyload\" alt=\"\" data-src=\"https:\/\/iletim.istanbul.edu.tr\/wp-content\/uploads\/IMG-20190314-WA0042-150x150.jpg\" data-sizes=\"auto\" data-srcset=\"\" data-expand=\"700\" \/><\/a>\n                <\/div><\/figure><figure class='gallery-item'>\n                <div class='gallery-icon landscape'>\n                    <a href='https:\/\/iletim.istanbul.edu.tr\/wp-content\/uploads\/IMG-20190314-WA0047.jpg'><img loading=\"lazy\" decoding=\"async\" width=\"150\" height=\"150\" src=\"\" class=\"attachment-thumbnail size-thumbnail lazyload\" alt=\"\" data-src=\"https:\/\/iletim.istanbul.edu.tr\/wp-content\/uploads\/IMG-20190314-WA0047-150x150.jpg\" data-sizes=\"auto\" data-srcset=\"\" data-expand=\"700\" \/><\/a>\n                <\/div><\/figure><figure class='gallery-item'>\n                <div class='gallery-icon landscape'>\n                    <a href='https:\/\/iletim.istanbul.edu.tr\/wp-content\/uploads\/IMG-20190314-WA0050.jpg'><img loading=\"lazy\" decoding=\"async\" width=\"150\" height=\"150\" src=\"\" class=\"attachment-thumbnail size-thumbnail lazyload\" alt=\"\" data-src=\"https:\/\/iletim.istanbul.edu.tr\/wp-content\/uploads\/IMG-20190314-WA0050-150x150.jpg\" data-sizes=\"auto\" data-srcset=\"\" data-expand=\"700\" \/><\/a>\n                <\/div><\/figure>\n                <br style='clear: both' \/>\n            <\/div>\n\n<p>&nbsp;<\/p>\n","protected":false},"excerpt":{"rendered":"<p>\u0130stanbul \u00dcniversitesi Foto\u011fraf Kul\u00fcb\u00fcn\u00fcn Gen\u00e7lik ve Spor Bakanl\u0131\u011f\u0131 destekli Benim Objektifim projesi kapsam\u0131nda d\u00fc\u011f\u00fcn foto\u011fraf\u00e7\u0131s\u0131 Serhan Serter, \u0130\u00dc \u0130leti\u015fim Fak\u00fcltesi\u2019ne konuk oldu.<\/p>\n","protected":false},"author":14,"featured_media":9188,"comment_status":"open","ping_status":"open","sticky":false,"template":"","format":"standard","meta":{"jnews-multi-image_gallery":[],"jnews_single_post":[],"jnews_primary_category":[],"jnews_social_meta":[],"jnews_override_counter":[],"footnotes":""},"categories":[178,30],"tags":[493,764],"class_list":["post-9173","post","type-post","status-publish","format-standard","has-post-thumbnail","hentry","category-fakultemizden","category-kultur-sanat","tag-istanbul-universitesi-fotograf-kulubu","tag-serhan-serter"],"_links":{"self":[{"href":"https:\/\/iletim.istanbul.edu.tr\/index.php\/wp-json\/wp\/v2\/posts\/9173","targetHints":{"allow":["GET"]}}],"collection":[{"href":"https:\/\/iletim.istanbul.edu.tr\/index.php\/wp-json\/wp\/v2\/posts"}],"about":[{"href":"https:\/\/iletim.istanbul.edu.tr\/index.php\/wp-json\/wp\/v2\/types\/post"}],"author":[{"embeddable":true,"href":"https:\/\/iletim.istanbul.edu.tr\/index.php\/wp-json\/wp\/v2\/users\/14"}],"replies":[{"embeddable":true,"href":"https:\/\/iletim.istanbul.edu.tr\/index.php\/wp-json\/wp\/v2\/comments?post=9173"}],"version-history":[{"count":0,"href":"https:\/\/iletim.istanbul.edu.tr\/index.php\/wp-json\/wp\/v2\/posts\/9173\/revisions"}],"wp:featuredmedia":[{"embeddable":true,"href":"https:\/\/iletim.istanbul.edu.tr\/index.php\/wp-json\/wp\/v2\/media\/9188"}],"wp:attachment":[{"href":"https:\/\/iletim.istanbul.edu.tr\/index.php\/wp-json\/wp\/v2\/media?parent=9173"}],"wp:term":[{"taxonomy":"category","embeddable":true,"href":"https:\/\/iletim.istanbul.edu.tr\/index.php\/wp-json\/wp\/v2\/categories?post=9173"},{"taxonomy":"post_tag","embeddable":true,"href":"https:\/\/iletim.istanbul.edu.tr\/index.php\/wp-json\/wp\/v2\/tags?post=9173"}],"curies":[{"name":"wp","href":"https:\/\/api.w.org\/{rel}","templated":true}]}}