{"id":9313,"date":"2019-03-20T12:42:14","date_gmt":"2019-03-20T09:42:14","guid":{"rendered":"https:\/\/iletim.istanbul.edu.tr\/?p=9313"},"modified":"2019-03-20T12:50:07","modified_gmt":"2019-03-20T09:50:07","slug":"mutlu-cocuk-umutlu-gelecek","status":"publish","type":"post","link":"https:\/\/iletim.istanbul.edu.tr\/index.php\/2019\/03\/20\/mutlu-cocuk-umutlu-gelecek\/","title":{"rendered":"Mutlu \u00c7ocuk Umutlu Gelecek"},"content":{"rendered":"<p><strong>Hande Nur OCAK<\/strong><\/p>\n<p>\u0130stanbul \u00dcniversitesi, Birle\u015fmi\u015f Milletler (BM), Milli E\u011fitim \u0130l M\u00fcd\u00fcrl\u00fc\u011f\u00fc ve \u00c7ocuk ve Gelecek Derne\u011fi&#8217;nin (\u00c7OGEL) i\u015fbirli\u011fi ile y\u00fcr\u00fct\u00fclen &#8220;360\u00b0 Dostluk Projesi&#8221; pilot \u00e7al\u0131\u015fmas\u0131n\u0131n sonu\u00e7lar\u0131n\u0131n payla\u015f\u0131ld\u0131\u011f\u0131 ve proje tan\u0131t\u0131m\u0131n\u0131n yap\u0131ld\u0131\u011f\u0131 lansman, \u0130stanbul \u00dcniversitesi Mavi Salonda ger\u00e7ekle\u015fti.<\/p>\n<p>A\u00e7\u0131l\u0131\u015f konu\u015fmas\u0131n\u0131 yapan \u0130stanbul \u00dcniversitesi Kad\u0131n \u00c7al\u0131\u015fmalar\u0131 Uygulama ve Ara\u015ft\u0131rma Merkezi M\u00fcd\u00fcr\u00fc Do\u00e7. Dr. Elif Hobiko\u011flu, Suriye\u2019de ya\u015fanan sava\u015f sonras\u0131 travmalar\u0131n azalt\u0131lmas\u0131 noktas\u0131nda T\u00fcrkiye Cumhuriyeti olarak &#8220;360\u00b0 Dostluk Projesi&#8221; ad\u0131 alt\u0131nda kucak a\u00e7m\u0131\u015f oldu\u011fumuzu s\u00f6yledi. Do\u00e7. Dr. Hobiko\u011flu \u201cT\u00fcrk ve g\u00f6\u00e7men \u00e7ocuklar\u0131 ile annelerinin sosyal ileti\u015fim becerilerinin desteklenmesi ve birlikte ya\u015fama k\u00fclt\u00fcr\u00fcn\u00fcn g\u00fc\u00e7lendirilmesinin ama\u00e7land\u0131\u011f\u0131 bu toplumsal uyum projesi, Fatih&#8217;te uygulanan bir projedir\u201d diyerek projenin detaylar\u0131n\u0131 anlatt\u0131.<\/p>\n<p><strong>Dezavantajl\u0131 \u00c7ocuklar\u0131n Sosyal Uyumlar\u0131 Hedefleniyor<\/strong><\/p>\n<p>A\u00e7\u0131l\u0131\u015f konu\u015fmas\u0131n\u0131n ard\u0131ndan s\u00f6z alan \u00c7OGEL Y\u00f6netim Kurulu Ba\u015fkan\u0131 Elif Esen, toplumsal deste\u011fe ihtiya\u00e7 duyan dezavantajl\u0131 \u00e7ocuklar\u0131n sosyal uyumlar\u0131n\u0131, e\u011fitimde s\u00fcrd\u00fcrebilirliklerini ve gelece\u011fe g\u00fcvenle ula\u015fabilmelerini sa\u011flamak amac\u0131yla \u00e7al\u0131\u015fan derne\u011fin uygulam\u0131\u015f oldu\u011fu projelerden biri olan &#8220;360\u00b0 Dostluk Projesi&#8221;nden bahsetti. Esen, \u201cBiz bu projede Fatih il\u00e7esindeki bir okulda milli e\u011fitim ve il\u00e7e m\u00fcd\u00fcrl\u00fc\u011f\u00fcm\u00fcz\u00fcn belirledi\u011fi Atik Ali \u0130lkokulu\u2019nda 10 T\u00fcrk, 10 Suriyeli \u00e7ocuk ve anneleriyle psikodrama ve di\u011fer \u00e7e\u015fitli uygulamalar\u0131nda oldu\u011fu faydal\u0131 ve etkili \u00e7al\u0131\u015fmalarla bir sosyal uyum projesini tamamlam\u0131\u015f bulunmaktay\u0131z\u201d dedi.<\/p>\n<p><strong>T\u00fcrkiye Sonsuzluk Derecesinde \u00d6vg\u00fcy\u00fc Hak Ediyor<br \/>\n<\/strong><br \/>\nBM Y\u00fcksek Komiseri Fatih Alkada\u011f, sosyal uyum projelerine bu sene \u00e7ok \u00f6nem vermeyi planlad\u0131klar\u0131n\u0131 s\u00f6yledi. Alkada\u011f, \u201cD\u00fcnya hi\u00e7bir zaman olmad\u0131\u011f\u0131 kadar yo\u011fun bir insanl\u0131k hareketine \u015fahit oldu. D\u00fcnya \u00fczerinde 68 milyon ki\u015fi zul\u00fcmden ve sava\u015ftan \u00f6t\u00fcr\u00fc yerinden yurdundan edilmi\u015f durumda\u201d diyerek son 4 y\u0131ld\u0131r T\u00fcrkiye\u2019nin d\u00fcnyadaki en b\u00fcy\u00fck m\u00fclteci n\u00fcfusuna ev sahipli\u011fi yapan \u00fclke konumunda oldu\u011funu ifade etti. Alkada\u011f ,\u201cT\u00fcrkiye\u2019nin g\u00f6stermi\u015f oldu\u011fu bu c\u00f6mertlik ve halk\u0131n g\u00f6stermi\u015f oldu\u011fu bu misafirperverlik sonsuzluk derecesinde \u00f6vg\u00fcy\u00fc hak ediyor\u201d dedi. Bu ba\u011flamda m\u00fclteci topluluklar ve T\u00fcrk toplumu aras\u0131ndaki sosyal uyumu g\u00fc\u00e7lendirmek, hali haz\u0131rda yap\u0131lan sosyal uyumu derinle\u015ftirmek ve ileti\u015fimi en \u00fcst noktaya \u00e7ekmenin en \u00f6nemli \u00f6ncelikleri oldu\u011funu s\u00f6yleyen Alkada\u011f, okullarda ger\u00e7ekle\u015ftirilen sosyal uyum faaliyetlerine dikkat \u00e7ekti.<\/p>\n<p><strong>\u00d6\u011frenciler Sosyal Sorumluluk Projelerinde Yer Al\u0131yor<\/strong><\/p>\n<p>\u0130\u00dc Rekt\u00f6r\u00fc Prof. Dr. Mahmut Ak, \u00fcniversitelerin \u00fc\u00e7 a\u015fama i\u00e7in \u00e7al\u0131\u015ft\u0131\u011f\u0131ndan bahsederek \u201cE\u011fitim kurumlar\u0131 ara\u015ft\u0131rmalar\u0131n yap\u0131ld\u0131\u011f\u0131 kurumlard\u0131r ama daha \u00f6nemlisi t\u00fcm birikim ve potansiyelini okula sunmakla g\u00f6revlidir. Yani topluma hizmet eden kurumlard\u0131r\u201d dedi. \u201c\u00dcniversitemizde bizi bu amaca y\u00f6nlendirecek bir\u00e7ok mekanizmayla \u00e7al\u0131\u015f\u0131yoruz\u201d diyen Prof. Dr. Ak, g\u00f6n\u00fcll\u00fcl\u00fck projesini mecburi hale getirip 8 yar\u0131y\u0131ll\u0131k bir e\u011fitim i\u00e7erinde bir sosyal sorumluluk projesinde yer almayan \u00f6\u011frencilerin mezun olamayaca\u011f\u0131n\u0131 belirtti. \u201c360\u00b0 Dostluk Projesi her y\u00f6n\u00fcyle topluma ula\u015fmay\u0131 hedefleyen de\u011ferli bir proje. Bu proje i\u00e7inde bulunmu\u015f olan\u0131nda bize ayr\u0131 bir gurur katt\u0131\u011f\u0131n\u0131 ve bundan sonraki projeler i\u00e7inde g\u00fc\u00e7l\u00fc bir motivasyon olu\u015fturdu\u011funu da belirtmek istiyorum\u201d diyen Prof. Dr. Ak, bu projelerde her zaman ortakl\u0131k duygusu i\u00e7erisinde hareket etmeye a\u00e7\u0131k olduklar\u0131n\u0131 dile getirdi.<\/p>\n<p><strong>\u201cBir \u0130nsan B\u00fct\u00fcn D\u00fcnyay\u0131 De\u011fi\u015ftirebilir\u201d<\/strong><\/p>\n<p>Ak Parti \u0130stanbul Millet Vekili Ravza Kavak\u00e7\u0131, \u201cHem yap\u0131lan \u00e7al\u0131\u015fma hem de \u00e7ocuklar\u0131m\u0131z\u0131n mutluluklar\u0131yla k\u00fc\u00e7\u00fck bir \u015fey yapt\u0131\u011f\u0131m\u0131z\u0131 d\u00fc\u015f\u00fcn\u00fcyoruz bazen ama bir insan b\u00fct\u00fcn d\u00fcnyay\u0131 de\u011fi\u015ftirebilir. Bunun da etkisini g\u00f6r\u00fcyoruz\u201d diyerek hem bu \u00e7at\u0131 alt\u0131da bulunmaktan hem de b\u00f6yle bir projenin neticelenmesine de \u015fahitlik etmekten b\u00fcy\u00fck gurur duydu\u011funu ifade etti. Kavak\u00e7\u0131, \u201cParlamentolararas\u0131 Birlik Kurulu Ba\u015fkan\u0131 olarak da uluslararas\u0131 alanda bu \u015ferefli milleti TBMM olarak temsil etmeye gitti\u011fimizde farkl\u0131 toplant\u0131larda T\u00fcrkiye\u2019nin ismi anons edildi\u011finde \u015f\u00f6yle d\u00f6n\u00fcp bak\u0131l\u0131yor ve herkes dinliyor. Sevenimiz de var sevmeyenimiz de; her yerde ve insani hayat\u0131m\u0131zda da oldu\u011fu gibi. Ama \u015funu biliyoruz ki \u00fclkemizin s\u00f6z\u00fc dinleniyor\u201d diyerek bunun \u00f6nemli sebeplerinden bir tanesinin sivil toplumun g\u00fcc\u00fc ve insan\u0131 yard\u0131m boyutu oldu\u011fundan bahsetti.<\/p>\n<p>Ni\u015fanta\u015f\u0131 \u00dcniversitesi Tarih B\u00f6l\u00fcm\u00fc Ba\u015fkan\u0131 ve Kad\u0131n \u00c7al\u0131\u015fmalar\u0131 Direkt\u00f6r\u00fc Do\u00e7. Dr. G\u00f6knur Ak\u00e7ada\u011f ve giyilebilir teknoloji tasar\u0131mc\u0131s\u0131 Esra \u00c7etin &#8220;360\u00b0 Dostluk Projesi&#8221; sunumunu ger\u00e7ekle\u015ftirdi. Sunumun ard\u0131ndan konu\u015fmac\u0131lara Ak Parti \u0130stanbul Millet Vekili Ravza Kavak\u00e7\u0131, \u0130stanbul Valisi Ali Yerlikaya\u2019n\u0131n e\u015fi Hatice Nur Yerlikaya ve \u00c7OGEL Y\u00f6netim Kurulu Ba\u015fkan\u0131 Elif Esen plaket takdim etti.<\/p>\n<div id='gallery_1' class='gallery galleryid-9313 gallery-columns-4 gallery-size-medium'><figure class='gallery-item'>\n                <div class='gallery-icon landscape'>\n                    <a href='https:\/\/iletim.istanbul.edu.tr\/wp-content\/uploads\/DSC_0317-1.jpg'><img loading=\"lazy\" decoding=\"async\" width=\"300\" height=\"199\" src=\"\" class=\"attachment-medium size-medium lazyload\" alt=\"\" data-src=\"https:\/\/iletim.istanbul.edu.tr\/wp-content\/uploads\/DSC_0317-1-300x199.jpg\" data-sizes=\"auto\" data-srcset=\"https:\/\/iletim.istanbul.edu.tr\/wp-content\/uploads\/DSC_0317-1-300x199.jpg 300w, https:\/\/iletim.istanbul.edu.tr\/wp-content\/uploads\/DSC_0317-1-768x510.jpg 768w, https:\/\/iletim.istanbul.edu.tr\/wp-content\/uploads\/DSC_0317-1-1024x680.jpg 1024w\" data-expand=\"700\" \/><\/a>\n                <\/div><\/figure><figure class='gallery-item'>\n                <div class='gallery-icon landscape'>\n                    <a href='https:\/\/iletim.istanbul.edu.tr\/wp-content\/uploads\/DSC_0327-1.jpg'><img loading=\"lazy\" decoding=\"async\" width=\"300\" height=\"199\" src=\"\" class=\"attachment-medium size-medium lazyload\" alt=\"\" data-src=\"https:\/\/iletim.istanbul.edu.tr\/wp-content\/uploads\/DSC_0327-1-300x199.jpg\" data-sizes=\"auto\" data-srcset=\"https:\/\/iletim.istanbul.edu.tr\/wp-content\/uploads\/DSC_0327-1-300x199.jpg 300w, https:\/\/iletim.istanbul.edu.tr\/wp-content\/uploads\/DSC_0327-1-768x510.jpg 768w, https:\/\/iletim.istanbul.edu.tr\/wp-content\/uploads\/DSC_0327-1-1024x680.jpg 1024w\" data-expand=\"700\" \/><\/a>\n                <\/div><\/figure><figure class='gallery-item'>\n                <div class='gallery-icon landscape'>\n                    <a href='https:\/\/iletim.istanbul.edu.tr\/wp-content\/uploads\/DSC_0256.jpg'><img loading=\"lazy\" decoding=\"async\" width=\"300\" height=\"199\" src=\"\" class=\"attachment-medium size-medium lazyload\" alt=\"\" data-src=\"https:\/\/iletim.istanbul.edu.tr\/wp-content\/uploads\/DSC_0256-300x199.jpg\" data-sizes=\"auto\" data-srcset=\"https:\/\/iletim.istanbul.edu.tr\/wp-content\/uploads\/DSC_0256-300x199.jpg 300w, https:\/\/iletim.istanbul.edu.tr\/wp-content\/uploads\/DSC_0256-768x510.jpg 768w, https:\/\/iletim.istanbul.edu.tr\/wp-content\/uploads\/DSC_0256-1024x680.jpg 1024w\" data-expand=\"700\" \/><\/a>\n                <\/div><\/figure><figure class='gallery-item'>\n                <div class='gallery-icon landscape'>\n                    <a href='https:\/\/iletim.istanbul.edu.tr\/wp-content\/uploads\/DSC_0243.jpg'><img loading=\"lazy\" decoding=\"async\" width=\"300\" height=\"199\" src=\"\" class=\"attachment-medium size-medium lazyload\" alt=\"\" data-src=\"https:\/\/iletim.istanbul.edu.tr\/wp-content\/uploads\/DSC_0243-300x199.jpg\" data-sizes=\"auto\" data-srcset=\"https:\/\/iletim.istanbul.edu.tr\/wp-content\/uploads\/DSC_0243-300x199.jpg 300w, https:\/\/iletim.istanbul.edu.tr\/wp-content\/uploads\/DSC_0243-768x510.jpg 768w, https:\/\/iletim.istanbul.edu.tr\/wp-content\/uploads\/DSC_0243-1024x680.jpg 1024w\" data-expand=\"700\" \/><\/a>\n                <\/div><\/figure><br style=\"clear: both\" \/><figure class='gallery-item'>\n                <div class='gallery-icon landscape'>\n                    <a href='https:\/\/iletim.istanbul.edu.tr\/wp-content\/uploads\/DSC_0290-1.jpg'><img loading=\"lazy\" decoding=\"async\" width=\"300\" height=\"199\" src=\"\" class=\"attachment-medium size-medium lazyload\" alt=\"\" data-src=\"https:\/\/iletim.istanbul.edu.tr\/wp-content\/uploads\/DSC_0290-1-300x199.jpg\" data-sizes=\"auto\" data-srcset=\"https:\/\/iletim.istanbul.edu.tr\/wp-content\/uploads\/DSC_0290-1-300x199.jpg 300w, https:\/\/iletim.istanbul.edu.tr\/wp-content\/uploads\/DSC_0290-1-768x510.jpg 768w, https:\/\/iletim.istanbul.edu.tr\/wp-content\/uploads\/DSC_0290-1-1024x680.jpg 1024w\" data-expand=\"700\" \/><\/a>\n                <\/div><\/figure><figure class='gallery-item'>\n                <div class='gallery-icon landscape'>\n                    <a href='https:\/\/iletim.istanbul.edu.tr\/wp-content\/uploads\/DSC_0280.jpg'><img loading=\"lazy\" decoding=\"async\" width=\"300\" height=\"199\" src=\"\" class=\"attachment-medium size-medium lazyload\" alt=\"\" data-src=\"https:\/\/iletim.istanbul.edu.tr\/wp-content\/uploads\/DSC_0280-300x199.jpg\" data-sizes=\"auto\" data-srcset=\"https:\/\/iletim.istanbul.edu.tr\/wp-content\/uploads\/DSC_0280-300x199.jpg 300w, https:\/\/iletim.istanbul.edu.tr\/wp-content\/uploads\/DSC_0280-768x510.jpg 768w, https:\/\/iletim.istanbul.edu.tr\/wp-content\/uploads\/DSC_0280-1024x680.jpg 1024w\" data-expand=\"700\" \/><\/a>\n                <\/div><\/figure><figure class='gallery-item'>\n                <div class='gallery-icon landscape'>\n                    <a href='https:\/\/iletim.istanbul.edu.tr\/wp-content\/uploads\/DSC_0312-1.jpg'><img loading=\"lazy\" decoding=\"async\" width=\"300\" height=\"199\" src=\"\" class=\"attachment-medium size-medium lazyload\" alt=\"\" data-src=\"https:\/\/iletim.istanbul.edu.tr\/wp-content\/uploads\/DSC_0312-1-300x199.jpg\" data-sizes=\"auto\" data-srcset=\"https:\/\/iletim.istanbul.edu.tr\/wp-content\/uploads\/DSC_0312-1-300x199.jpg 300w, https:\/\/iletim.istanbul.edu.tr\/wp-content\/uploads\/DSC_0312-1-768x510.jpg 768w, https:\/\/iletim.istanbul.edu.tr\/wp-content\/uploads\/DSC_0312-1-1024x680.jpg 1024w\" data-expand=\"700\" \/><\/a>\n                <\/div><\/figure>\n                <br style='clear: both' \/>\n            <\/div>\n\n","protected":false},"excerpt":{"rendered":"<p>Hande Nur OCAK \u0130stanbul \u00dcniversitesi, Birle\u015fmi\u015f Milletler (BM), Milli E\u011fitim \u0130l M\u00fcd\u00fcrl\u00fc\u011f\u00fc ve \u00c7ocuk ve Gelecek Derne\u011fi&#8217;nin (\u00c7OGEL) i\u015fbirli\u011fi ile y\u00fcr\u00fct\u00fclen &#8220;360\u00b0 Dostluk Projesi&#8221; pilot \u00e7al\u0131\u015fmas\u0131n\u0131n sonu\u00e7lar\u0131n\u0131n payla\u015f\u0131ld\u0131\u011f\u0131 ve proje tan\u0131t\u0131m\u0131n\u0131n yap\u0131ld\u0131\u011f\u0131 lansman, \u0130stanbul \u00dcniversitesi Mavi Salonda ger\u00e7ekle\u015fti. A\u00e7\u0131l\u0131\u015f konu\u015fmas\u0131n\u0131 yapan \u0130stanbul \u00dcniversitesi Kad\u0131n \u00c7al\u0131\u015fmalar\u0131 Uygulama ve Ara\u015ft\u0131rma Merkezi M\u00fcd\u00fcr\u00fc Do\u00e7. Dr. Elif Hobiko\u011flu, Suriye\u2019de [&hellip;]<\/p>\n","protected":false},"author":14,"featured_media":9314,"comment_status":"open","ping_status":"open","sticky":false,"template":"","format":"standard","meta":{"jnews-multi-image_gallery":[],"jnews_single_post":[],"jnews_primary_category":[],"jnews_social_meta":[],"jnews_override_counter":[],"footnotes":""},"categories":[1],"tags":[],"class_list":["post-9313","post","type-post","status-publish","format-standard","has-post-thumbnail","hentry","category-genel"],"_links":{"self":[{"href":"https:\/\/iletim.istanbul.edu.tr\/index.php\/wp-json\/wp\/v2\/posts\/9313","targetHints":{"allow":["GET"]}}],"collection":[{"href":"https:\/\/iletim.istanbul.edu.tr\/index.php\/wp-json\/wp\/v2\/posts"}],"about":[{"href":"https:\/\/iletim.istanbul.edu.tr\/index.php\/wp-json\/wp\/v2\/types\/post"}],"author":[{"embeddable":true,"href":"https:\/\/iletim.istanbul.edu.tr\/index.php\/wp-json\/wp\/v2\/users\/14"}],"replies":[{"embeddable":true,"href":"https:\/\/iletim.istanbul.edu.tr\/index.php\/wp-json\/wp\/v2\/comments?post=9313"}],"version-history":[{"count":0,"href":"https:\/\/iletim.istanbul.edu.tr\/index.php\/wp-json\/wp\/v2\/posts\/9313\/revisions"}],"wp:featuredmedia":[{"embeddable":true,"href":"https:\/\/iletim.istanbul.edu.tr\/index.php\/wp-json\/wp\/v2\/media\/9314"}],"wp:attachment":[{"href":"https:\/\/iletim.istanbul.edu.tr\/index.php\/wp-json\/wp\/v2\/media?parent=9313"}],"wp:term":[{"taxonomy":"category","embeddable":true,"href":"https:\/\/iletim.istanbul.edu.tr\/index.php\/wp-json\/wp\/v2\/categories?post=9313"},{"taxonomy":"post_tag","embeddable":true,"href":"https:\/\/iletim.istanbul.edu.tr\/index.php\/wp-json\/wp\/v2\/tags?post=9313"}],"curies":[{"name":"wp","href":"https:\/\/api.w.org\/{rel}","templated":true}]}}