{"id":9360,"date":"2019-03-21T17:53:27","date_gmt":"2019-03-21T14:53:27","guid":{"rendered":"https:\/\/iletim.istanbul.edu.tr\/?p=9360"},"modified":"2019-03-21T18:04:03","modified_gmt":"2019-03-21T15:04:03","slug":"gazetecilikte-fark-yaratan-olmalisiniz","status":"publish","type":"post","link":"https:\/\/iletim.istanbul.edu.tr\/index.php\/2019\/03\/21\/gazetecilikte-fark-yaratan-olmalisiniz\/","title":{"rendered":"&#8220;Gazetecilikte Fark Yaratan Olmal\u0131s\u0131n\u0131z&#8221;"},"content":{"rendered":"<p><strong>Murat Kasap, Rana MADEN, \u0130pek EK\u015e\u0130O\u011eLU<\/strong><\/p>\n<p><strong>FOTO\u011eRAF- Celil KUR\u015eUN<\/strong><\/p>\n<p>Dr. \u00d6\u011fr. \u00dcyesi H\u00fclya Semiz T\u00fcrko\u011flu&#8217;nun \u0130leti\u015fim Seminerleri dersi kapsam\u0131nda ATV muhabiri I\u015f\u0131l A\u00e7\u0131kel \u0130stanbul \u00dcniversitesi \u0130leti\u015fim Fak\u00fcltesine konuk oldu.<\/p>\n<p>21 y\u0131ld\u0131r gazetecilik yapan ve 2008 y\u0131l\u0131ndan beri ATV&#8217;de muhabirlik yapt\u0131\u011f\u0131n\u0131 ifade eden I\u015f\u0131l A\u00e7\u0131kel, &#8220;\u00d6zellikle son y\u0131llarda haber yazan yok. Genelde anons ve r\u00f6portaj \u015feklinde haberler yap\u0131l\u0131yor. Bir gazetede staja ba\u015flamak, ilk ad\u0131m\u0131n\u0131z\u0131 b\u00f6yle atmak daha \u00f6nemli&#8221; ifadelerini kulland\u0131.<\/p>\n<p><strong>&#8220;Haber \u00dcretmek \u0130\u00e7in Emek Vermek Gerekiyor&#8221;<\/strong><\/p>\n<p>Haber yazmak i\u00e7in emek vermenin ve fikri takibin \u00e7ok \u00f6nemli oldu\u011funa\u00a0 de\u011finen A\u00e7\u0131kel, K\u00fcba&#8217;daki kanser a\u015f\u0131s\u0131 haber s\u00fcreciyle ilgili konu\u015ftu; \u00d6zellikle sa\u011fl\u0131kta en \u00e7ok izlenen haber kanser haberleri. Ben de bunun i\u00e7in K\u00fcba&#8217;ya gittim. \u0130stanbul&#8217;da da kalabilirdim fakat i\u015fimi severek yapt\u0131\u011f\u0131m i\u00e7in oraya gidip b\u00f6yle bir haber yapmaya karar verdim&#8221; dedi.<\/p>\n<p><strong>&#8220;Haber Yazmay\u0131 \u00d6\u011frenmek \u00c7ok \u00d6nemli&#8221;<\/strong><\/p>\n<p>Televizyon gazetecili\u011finde klasik gazetecilikten farkl\u0131 olarak muhabirlerin kolaya al\u0131\u015ft\u0131\u011f\u0131na ve haber yazmay\u0131 bilmenin \u00f6nemine vurgu yapan A\u00e7\u0131kel,&#8221; Yapt\u0131\u011f\u0131n\u0131z haberin takip\u00e7isi olun ve notlar tutun. Zaman zaman geriye d\u00f6nmeniz gerekiyor. Mutlaka not tutmal\u0131s\u0131n\u0131z ve not almal\u0131s\u0131n\u0131z&#8221; tavsiyelerinde bulundu.\u00a0 Gazetelerde her bran\u015f\u0131n bir muhabiri oldu\u011fundan ve televizyonda daha az ki\u015fiyle daha \u00e7ok i\u015f yap\u0131lmaya \u00e7al\u0131\u015f\u0131ld\u0131\u011f\u0131ndan bahseden A\u00e7\u0131kel, televizyonda bir alanda uzmanla\u015fman\u0131n zor oldu\u011funa de\u011findi.<\/p>\n<p><strong>&#8220;Sosyal Medya Canl\u0131 Yay\u0131nlar\u0131 Olduk\u00e7a Etkiliyor&#8221;<\/strong><\/p>\n<p>Canl\u0131 yay\u0131nlar\u0131n eskisi kadar \u00f6nemli g\u00f6r\u00fclmedi\u011fini belirten A\u00e7\u0131kel, &#8221;Canl\u0131 yay\u0131nlar eskisi gibi \u00e7ok izlenmiyor. Burada sosyal medyan\u0131n ve haber kanallar\u0131n\u0131n \u00e7ok b\u00fcy\u00fck etkisi var. \u00c7\u00fcnk\u00fc bir haberi ak\u015fama kadar d\u00f6nd\u00fcre d\u00f6nd\u00fcre veriyorlar. Ak\u015fam 19.00&#8217;a gelindi\u011fi zaman herkes zaten her bilgiyi alm\u0131\u015f oluyor. O y\u00fczden de canl\u0131 yay\u0131nlar bu noktada \u00e7ok ilgi g\u00f6rm\u00fcyor&#8221; ifadelerini kulland\u0131.<\/p>\n<p><strong>&#8221;Gazetecilik Bir Hayat Ko\u015fusu&#8221;<\/strong><\/p>\n<p>Televizyon habercili\u011finde g\u00f6rselli\u011fin ve dikkat \u00e7ekicili\u011fin \u00f6neminin yan\u0131 s\u0131ra farkl\u0131 olman\u0131n da gerekti\u011fini dile getiren A\u00e7\u0131kel, haber yaparken ileti\u015fimin de \u00e7ok \u00f6nemli oldu\u011funu s\u00f6yledi. Her mesle\u011fin kendince zorluklar\u0131 var diyerek konu\u015fmas\u0131n\u0131 s\u00fcrd\u00fcren A\u00e7\u0131kel,&#8221; Bu i\u015fi severek yapman\u0131z\u0131 tavsiye ediyorum. Haberinizin pe\u015fine d\u00fc\u015feceksiniz ve emek vereceksiniz. Hangi mesle\u011fi yaparsan\u0131z yap\u0131n, sorgulay\u0131c\u0131 olun. \u00d6zellikle gazetecilik bir hayat ko\u015fusu. Meslekte sayg\u0131 de\u011fer olmak gerekiyor.Umar\u0131m siz de buradan mezun olunca istedi\u011finiz yerlere gelirsiniz. Bir yerde i\u015fe ba\u015flayacaksan\u0131z haberin pe\u015finden ko\u015fun&#8221; diyerek s\u00f6zlerini tamamlad\u0131.<\/p>\n<p>Dersin sonunda Dr. \u00d6\u011fr. \u00dcyesi H\u00fclya Semiz T\u00fcrko\u011flu taraf\u0131ndan I\u015f\u0131l A\u00e7\u0131kel&#8217;e te\u015fekk\u00fcr belgesi takdim edildi.<\/p>\n<div id='gallery_1' class='gallery galleryid-9360 gallery-columns-3 gallery-size-thumbnail'><figure class='gallery-item'>\n                <div class='gallery-icon landscape'>\n                    <a href='https:\/\/iletim.istanbul.edu.tr\/wp-content\/uploads\/WhatsApp-Image-2019-03-21-at-16.35.29.jpeg'><img loading=\"lazy\" decoding=\"async\" width=\"150\" height=\"150\" src=\"\" class=\"attachment-thumbnail size-thumbnail lazyload\" alt=\"\" data-src=\"https:\/\/iletim.istanbul.edu.tr\/wp-content\/uploads\/WhatsApp-Image-2019-03-21-at-16.35.29-150x150.jpeg\" data-sizes=\"auto\" data-srcset=\"\" data-expand=\"700\" \/><\/a>\n                <\/div><\/figure><figure class='gallery-item'>\n                <div class='gallery-icon landscape'>\n                    <a href='https:\/\/iletim.istanbul.edu.tr\/wp-content\/uploads\/WhatsApp-Image-2019-03-21-at-16.35.30.jpeg'><img loading=\"lazy\" decoding=\"async\" width=\"150\" height=\"150\" src=\"\" class=\"attachment-thumbnail size-thumbnail lazyload\" alt=\"\" data-src=\"https:\/\/iletim.istanbul.edu.tr\/wp-content\/uploads\/WhatsApp-Image-2019-03-21-at-16.35.30-150x150.jpeg\" data-sizes=\"auto\" data-srcset=\"\" data-expand=\"700\" \/><\/a>\n                <\/div><\/figure><figure class='gallery-item'>\n                <div class='gallery-icon landscape'>\n                    <a href='https:\/\/iletim.istanbul.edu.tr\/wp-content\/uploads\/WhatsApp-Image-2019-03-21-at-16.35.33.jpeg'><img loading=\"lazy\" decoding=\"async\" width=\"150\" height=\"150\" src=\"\" class=\"attachment-thumbnail size-thumbnail lazyload\" alt=\"\" data-src=\"https:\/\/iletim.istanbul.edu.tr\/wp-content\/uploads\/WhatsApp-Image-2019-03-21-at-16.35.33-150x150.jpeg\" data-sizes=\"auto\" data-srcset=\"\" data-expand=\"700\" \/><\/a>\n                <\/div><\/figure><br style=\"clear: both\" \/><figure class='gallery-item'>\n                <div class='gallery-icon landscape'>\n                    <a href='https:\/\/iletim.istanbul.edu.tr\/wp-content\/uploads\/WhatsApp-Image-2019-03-21-at-16.35.36.jpeg'><img loading=\"lazy\" decoding=\"async\" width=\"150\" height=\"150\" src=\"\" class=\"attachment-thumbnail size-thumbnail lazyload\" alt=\"\" data-src=\"https:\/\/iletim.istanbul.edu.tr\/wp-content\/uploads\/WhatsApp-Image-2019-03-21-at-16.35.36-150x150.jpeg\" data-sizes=\"auto\" data-srcset=\"\" data-expand=\"700\" \/><\/a>\n                <\/div><\/figure><figure class='gallery-item'>\n                <div class='gallery-icon landscape'>\n                    <a href='https:\/\/iletim.istanbul.edu.tr\/wp-content\/uploads\/WhatsApp-Image-2019-03-21-at-16.35.38-1.jpeg'><img loading=\"lazy\" decoding=\"async\" width=\"150\" height=\"150\" src=\"\" class=\"attachment-thumbnail size-thumbnail lazyload\" alt=\"\" data-src=\"https:\/\/iletim.istanbul.edu.tr\/wp-content\/uploads\/WhatsApp-Image-2019-03-21-at-16.35.38-1-150x150.jpeg\" data-sizes=\"auto\" data-srcset=\"\" data-expand=\"700\" \/><\/a>\n                <\/div><\/figure><figure class='gallery-item'>\n                <div class='gallery-icon landscape'>\n                    <a href='https:\/\/iletim.istanbul.edu.tr\/wp-content\/uploads\/WhatsApp-Image-2019-03-21-at-16.35.39.jpeg'><img loading=\"lazy\" decoding=\"async\" width=\"150\" height=\"150\" src=\"\" class=\"attachment-thumbnail size-thumbnail lazyload\" alt=\"\" data-src=\"https:\/\/iletim.istanbul.edu.tr\/wp-content\/uploads\/WhatsApp-Image-2019-03-21-at-16.35.39-150x150.jpeg\" data-sizes=\"auto\" data-srcset=\"\" data-expand=\"700\" \/><\/a>\n                <\/div><\/figure><br style=\"clear: both\" \/><figure class='gallery-item'>\n                <div class='gallery-icon landscape'>\n                    <a href='https:\/\/iletim.istanbul.edu.tr\/wp-content\/uploads\/WhatsApp-Image-2019-03-21-at-16.35.41-1.jpeg'><img loading=\"lazy\" decoding=\"async\" width=\"150\" height=\"150\" src=\"\" class=\"attachment-thumbnail size-thumbnail lazyload\" alt=\"\" data-src=\"https:\/\/iletim.istanbul.edu.tr\/wp-content\/uploads\/WhatsApp-Image-2019-03-21-at-16.35.41-1-150x150.jpeg\" data-sizes=\"auto\" data-srcset=\"\" data-expand=\"700\" \/><\/a>\n                <\/div><\/figure><figure class='gallery-item'>\n                <div class='gallery-icon landscape'>\n                    <a href='https:\/\/iletim.istanbul.edu.tr\/wp-content\/uploads\/WhatsApp-Image-2019-03-21-at-16.35.41.jpeg'><img loading=\"lazy\" decoding=\"async\" width=\"150\" height=\"150\" src=\"\" class=\"attachment-thumbnail size-thumbnail lazyload\" alt=\"\" data-src=\"https:\/\/iletim.istanbul.edu.tr\/wp-content\/uploads\/WhatsApp-Image-2019-03-21-at-16.35.41-150x150.jpeg\" data-sizes=\"auto\" data-srcset=\"\" data-expand=\"700\" \/><\/a>\n                <\/div><\/figure>\n                <br style='clear: both' \/>\n            <\/div>\n\n<p>&nbsp;<\/p>\n<p>&nbsp;<\/p>\n","protected":false},"excerpt":{"rendered":"<p>Dr. \u00d6\u011fr. \u00dcyesi H\u00fclya Semiz T\u00fcrko\u011flu&#8217;nun \u0130leti\u015fim Seminerleri dersi kapsam\u0131nda ATV muhabiri I\u015f\u0131l A\u00e7\u0131kel \u0130stanbul \u00dcniversitesi \u0130leti\u015fim Fak\u00fcltesine konuk oldu.\u00a0\u00a0<\/p>\n","protected":false},"author":14,"featured_media":9381,"comment_status":"open","ping_status":"open","sticky":false,"template":"","format":"standard","meta":{"jnews-multi-image_gallery":[],"jnews_single_post":[],"jnews_primary_category":[],"jnews_social_meta":[],"jnews_override_counter":[],"footnotes":""},"categories":[178],"tags":[781,780,574],"class_list":["post-9360","post","type-post","status-publish","format-standard","has-post-thumbnail","hentry","category-fakultemizden","tag-atv","tag-isil-acikel","tag-muhabir"],"_links":{"self":[{"href":"https:\/\/iletim.istanbul.edu.tr\/index.php\/wp-json\/wp\/v2\/posts\/9360","targetHints":{"allow":["GET"]}}],"collection":[{"href":"https:\/\/iletim.istanbul.edu.tr\/index.php\/wp-json\/wp\/v2\/posts"}],"about":[{"href":"https:\/\/iletim.istanbul.edu.tr\/index.php\/wp-json\/wp\/v2\/types\/post"}],"author":[{"embeddable":true,"href":"https:\/\/iletim.istanbul.edu.tr\/index.php\/wp-json\/wp\/v2\/users\/14"}],"replies":[{"embeddable":true,"href":"https:\/\/iletim.istanbul.edu.tr\/index.php\/wp-json\/wp\/v2\/comments?post=9360"}],"version-history":[{"count":0,"href":"https:\/\/iletim.istanbul.edu.tr\/index.php\/wp-json\/wp\/v2\/posts\/9360\/revisions"}],"wp:featuredmedia":[{"embeddable":true,"href":"https:\/\/iletim.istanbul.edu.tr\/index.php\/wp-json\/wp\/v2\/media\/9381"}],"wp:attachment":[{"href":"https:\/\/iletim.istanbul.edu.tr\/index.php\/wp-json\/wp\/v2\/media?parent=9360"}],"wp:term":[{"taxonomy":"category","embeddable":true,"href":"https:\/\/iletim.istanbul.edu.tr\/index.php\/wp-json\/wp\/v2\/categories?post=9360"},{"taxonomy":"post_tag","embeddable":true,"href":"https:\/\/iletim.istanbul.edu.tr\/index.php\/wp-json\/wp\/v2\/tags?post=9360"}],"curies":[{"name":"wp","href":"https:\/\/api.w.org\/{rel}","templated":true}]}}