{"id":9401,"date":"2019-03-21T20:30:31","date_gmt":"2019-03-21T17:30:31","guid":{"rendered":"https:\/\/iletim.istanbul.edu.tr\/?p=9401"},"modified":"2019-03-22T02:42:51","modified_gmt":"2019-03-21T23:42:51","slug":"dr-ogr-uyesi-mine-sarsag-gumus-beyazittaki-kazada-yaralandi","status":"publish","type":"post","link":"https:\/\/iletim.istanbul.edu.tr\/index.php\/2019\/03\/21\/dr-ogr-uyesi-mine-sarsag-gumus-beyazittaki-kazada-yaralandi\/","title":{"rendered":"Dr. \u00d6\u011fr. \u00dcyesi Mine Sarsa\u011f G\u00fcm\u00fc\u015f Beyaz\u0131t&#8217;taki Kazada Yaraland\u0131"},"content":{"rendered":"<p>Beyaz\u0131t&#8217;ta ger\u00e7ekle\u015fen feci trafik kazas\u0131nda, \u0130stanbul \u00dcniversitesi Fen Fak\u00fcltesi Biyoloji B\u00f6l\u00fcm\u00fc Dr. \u00d6\u011fr. \u00dcyesi Mine Sarsa\u011f G\u00fcm\u00fc\u015f yaraland\u0131.<\/p>\n<p>Bu sabah saatlerinde Beyaz\u0131t&#8217;ta bir halk otob\u00fcs\u00fc, yaya yoluna girerek yayalara ve park halindeki ara\u00e7lara \u00e7arpt\u0131. Bir\u00e7ok ki\u015finin yaraland\u0131\u011f\u0131 kazada olay yerine sa\u011fl\u0131k ekipleri, polis ve itfaiye sevk edildi. \u00c7evredeki hastanelere kald\u0131r\u0131lan yaral\u0131lar aras\u0131nda Biyoloji B\u00f6l\u00fcm\u00fcnden Dr. \u00d6\u011fr. \u00dcyesi Mine Sarsa\u011f G\u00fcm\u00fc\u015f de bulunuyor. \u00d6\u011frencileriyle saha \u00e7al\u0131\u015fmas\u0131na giderken yaralanan Dr. \u00d6\u011fr. \u00dcyesi Sarsa\u011f G\u00fcm\u00fc\u015f,\u00a0Bezmi\u00e2lem Vak\u0131f \u00dcniversitesi T\u0131p Fak\u00fcltesi Hastanesine\u00a0kald\u0131r\u0131larak tedavi alt\u0131na al\u0131nd\u0131.<\/p>\n<p>Hocam\u0131za ve yaralanan vatanda\u015flar\u0131m\u0131za acil \u015fifalar dileriz.<\/p>\n","protected":false},"excerpt":{"rendered":"<p>Beyaz\u0131t&#8217;ta ger\u00e7ekle\u015fen feci trafik kazas\u0131nda, \u0130stanbul \u00dcniversitesi Fen Fak\u00fcltesi Biyoloji B\u00f6l\u00fcm\u00fc Dr. \u00d6\u011fr. \u00dcyesi Mine Sarsa\u011f G\u00fcm\u00fc\u015f yaraland\u0131.<\/p>\n","protected":false},"author":14,"featured_media":9402,"comment_status":"open","ping_status":"open","sticky":false,"template":"","format":"standard","meta":{"jnews-multi-image_gallery":[],"jnews_single_post":[],"jnews_primary_category":[],"jnews_social_meta":[],"jnews_override_counter":[],"footnotes":""},"categories":[34],"tags":[784,782,783],"class_list":["post-9401","post","type-post","status-publish","format-standard","has-post-thumbnail","hentry","category-universite","tag-beyazit-otobus-kazasi","tag-beyazit-trafik-kazasi","tag-mine-sarsag-gumus"],"_links":{"self":[{"href":"https:\/\/iletim.istanbul.edu.tr\/index.php\/wp-json\/wp\/v2\/posts\/9401","targetHints":{"allow":["GET"]}}],"collection":[{"href":"https:\/\/iletim.istanbul.edu.tr\/index.php\/wp-json\/wp\/v2\/posts"}],"about":[{"href":"https:\/\/iletim.istanbul.edu.tr\/index.php\/wp-json\/wp\/v2\/types\/post"}],"author":[{"embeddable":true,"href":"https:\/\/iletim.istanbul.edu.tr\/index.php\/wp-json\/wp\/v2\/users\/14"}],"replies":[{"embeddable":true,"href":"https:\/\/iletim.istanbul.edu.tr\/index.php\/wp-json\/wp\/v2\/comments?post=9401"}],"version-history":[{"count":0,"href":"https:\/\/iletim.istanbul.edu.tr\/index.php\/wp-json\/wp\/v2\/posts\/9401\/revisions"}],"wp:featuredmedia":[{"embeddable":true,"href":"https:\/\/iletim.istanbul.edu.tr\/index.php\/wp-json\/wp\/v2\/media\/9402"}],"wp:attachment":[{"href":"https:\/\/iletim.istanbul.edu.tr\/index.php\/wp-json\/wp\/v2\/media?parent=9401"}],"wp:term":[{"taxonomy":"category","embeddable":true,"href":"https:\/\/iletim.istanbul.edu.tr\/index.php\/wp-json\/wp\/v2\/categories?post=9401"},{"taxonomy":"post_tag","embeddable":true,"href":"https:\/\/iletim.istanbul.edu.tr\/index.php\/wp-json\/wp\/v2\/tags?post=9401"}],"curies":[{"name":"wp","href":"https:\/\/api.w.org\/{rel}","templated":true}]}}