{"id":9564,"date":"2019-04-02T16:40:33","date_gmt":"2019-04-02T13:40:33","guid":{"rendered":"https:\/\/iletim.istanbul.edu.tr\/?p=9564"},"modified":"2019-04-03T09:49:06","modified_gmt":"2019-04-03T06:49:06","slug":"otizm-icin-farkindalik-gunu","status":"publish","type":"post","link":"https:\/\/iletim.istanbul.edu.tr\/index.php\/2019\/04\/02\/otizm-icin-farkindalik-gunu\/","title":{"rendered":"Otizm \u0130\u00e7in Fark\u0131ndal\u0131k G\u00fcn\u00fc"},"content":{"rendered":"<p><strong>Hande Nur OCAK<\/strong><\/p>\n<p>\u0130stanbul Milli E\u011fitim M\u00fcd\u00fcrl\u00fc\u011f\u00fc, \u0130stanbul \u00dcniversitesi \u00d6zel E\u011fitim \u00d6\u011fretmenli\u011fi B\u00f6l\u00fcm\u00fc ve Lokman Hekim \u00d6zel E\u011fitim Uygulama Okulu ile ortakla\u015fa d\u00fczenlenen &#8220;2 Nisan Otizm Fark\u0131ndal\u0131k Etkinli\u011fi\u201d \u0130stanbul \u00dcniversitesi Prof. Dr. Fuat Sezgin Kongre ve K\u00fclt\u00fcr Merkezi&#8217;nde ger\u00e7ekle\u015ftirildi.<\/p>\n<p>Otizm Spektrum Bozuklu\u011fu (OSB), do\u011fu\u015ftan gelen ya da belirtileri ya\u015fam\u0131n ilk \u00fc\u00e7 y\u0131l\u0131nda kendini g\u00f6steren bir geli\u015fimsel yetersizlik ve n\u00f6rolojik bozukluk olarak uzamanlar taraf\u0131ndan tan\u0131mlan\u0131yor. Erken tan\u0131n\u0131n \u00f6nemli oldu\u011fu bu durumda anne-babalara ve e\u011fitimcilere ciddi sorumluluklar d\u00fc\u015f\u00fcyor. Bu fark\u0131ndal\u0131\u011f\u0131 olu\u015fturmak i\u00e7in her y\u0131l 2 Nisan&#8217;da ba\u015flayan \u201cOtizm Ay\u0131\u201d \u00e7er\u00e7evesinde, ara\u015ft\u0131rmalar\u0131n te\u015fvik edilmesi, fark\u0131ndal\u0131k yarat\u0131lmas\u0131, kamuoyunun bilgilendirilmesi ve erken te\u015fhise olanak sa\u011flanmas\u0131 amac\u0131yla d\u00fcnya genelinde aktivitelerin ger\u00e7ekle\u015ftirilmesi hedefleniyor.<\/p>\n<p>\u00d6zel E\u011fitim B\u00f6l\u00fcm Ba\u015fkan\u0131 Do\u00e7. Dr. Serap Emir, otizm fark\u0131ndal\u0131\u011f\u0131n\u0131 artt\u0131rmak i\u00e7in d\u00fczenlenen bu etkinli\u011fe kat\u0131lan herkese te\u015fekk\u00fcr ederek a\u00e7\u0131l\u0131\u015f konu\u015fmas\u0131n\u0131 ger\u00e7ekle\u015ftirdi. A\u00e7\u0131l\u0131\u015f konu\u015fmas\u0131n\u0131n ard\u0131ndan s\u00f6z alan Hasan Ali Y\u00fccel E\u011fitim Fak\u00fcltesi Dekan\u0131 Prof. Dr. H\u00fclya \u00c7al\u0131\u015fkan, \u201c2 Nisan D\u00fcnya Otizm Fark\u0131ndal\u0131k G\u00fcn\u00fc i\u00e7in fak\u00fcltemizin \u00f6zel e\u011fitim \u00f6\u011fretmenli\u011fi b\u00f6l\u00fcm\u00fc akademisyenleri ve \u00f6\u011frencilerinin de dahil oldu\u011fu bir fark\u0131ndal\u0131k etkinli\u011fi d\u00fczenlemek istedik, g\u00fczel bir etkinlik olaca\u011f\u0131n\u0131 d\u00fc\u015f\u00fcn\u00fcyorum\u201d diyerek kat\u0131l\u0131m g\u00f6steren herkese te\u015fekk\u00fcr etti.<\/p>\n<p><strong>Otizm Bir Hastal\u0131k De\u011fil<\/strong><\/p>\n<p>\u0130stanbul \u0130l Milli E\u011fitim M\u00fcd\u00fcr\u00fc Levent Yaz\u0131c\u0131, otizm fark\u0131ndal\u0131k g\u00fcn\u00fcne dikkat \u00e7ekerek konu\u015fmas\u0131na ba\u015flad\u0131. Yaz\u0131c\u0131, \u201cBug\u00fcnle ilgili olarak bir\u00e7ok etkinlik planlan\u0131p uygulan\u0131yor. Otizmin bir hastal\u0131k olmad\u0131\u011f\u0131n\u0131, bir insanl\u0131k hali oldu\u011funu bilerek ve birlikte b\u00fct\u00fcnle\u015ferek buna daha fazla gayret g\u00f6sterece\u011fiz\u201d dedi.<\/p>\n<p>Otizm Spektrum Bozuklu\u011fu ve OSB olan bireyler hakk\u0131nda bilgilendirme yapmak i\u00e7in Tohum ve Otizm Vakf\u0131 S\u00fcrekli E\u011fitim Birimi Koordinat\u00f6r\u00fc Nehir Merinoslu sunumunu ger\u00e7ekle\u015ftirdi. Sunumun ard\u0131ndan\u00a0Ba\u011fc\u0131lar Lokman Hekim \u00d6zel E\u011fitim Uygulama Okulu \u00f6\u011frencilerinin m\u00fczik, spor ve folklor g\u00f6sterileriyle etkinlik devam etti.<\/p>\n<div class=\"jeg_video_container jeg_video_content\"><iframe loading=\"lazy\" title=\"2 Nisan D\u00fcnya Otizm Fark\u0131ndal\u0131k G\u00fcn\u00fc. Eksik de\u011fil FARKLI!\" width=\"500\" height=\"281\" src=\"https:\/\/www.youtube.com\/embed\/Da4oQ9huJB8?feature=oembed\" frameborder=\"0\" allow=\"accelerometer; autoplay; clipboard-write; encrypted-media; gyroscope; picture-in-picture; web-share\" referrerpolicy=\"strict-origin-when-cross-origin\" allowfullscreen><\/iframe><\/div>\n<div id='gallery_1' class='gallery galleryid-9564 gallery-columns-5 gallery-size-large'><figure class='gallery-item'>\n                <div class='gallery-icon landscape'>\n                    <a href='https:\/\/iletim.istanbul.edu.tr\/wp-content\/uploads\/DSC_0404.jpg'><img loading=\"lazy\" decoding=\"async\" width=\"1024\" height=\"680\" src=\"\" class=\"attachment-large size-large lazyload\" alt=\"\" data-src=\"https:\/\/iletim.istanbul.edu.tr\/wp-content\/uploads\/DSC_0404-1024x680.jpg\" data-sizes=\"auto\" data-srcset=\"https:\/\/iletim.istanbul.edu.tr\/wp-content\/uploads\/DSC_0404-1024x680.jpg 1024w, https:\/\/iletim.istanbul.edu.tr\/wp-content\/uploads\/DSC_0404-300x199.jpg 300w, https:\/\/iletim.istanbul.edu.tr\/wp-content\/uploads\/DSC_0404-768x510.jpg 768w\" data-expand=\"700\" \/><\/a>\n                <\/div><\/figure><figure class='gallery-item'>\n                <div class='gallery-icon landscape'>\n                    <a href='https:\/\/iletim.istanbul.edu.tr\/wp-content\/uploads\/DSC_0407.jpg'><img loading=\"lazy\" decoding=\"async\" width=\"1024\" height=\"680\" src=\"\" class=\"attachment-large size-large lazyload\" alt=\"\" data-src=\"https:\/\/iletim.istanbul.edu.tr\/wp-content\/uploads\/DSC_0407-1024x680.jpg\" data-sizes=\"auto\" data-srcset=\"https:\/\/iletim.istanbul.edu.tr\/wp-content\/uploads\/DSC_0407-1024x680.jpg 1024w, https:\/\/iletim.istanbul.edu.tr\/wp-content\/uploads\/DSC_0407-300x199.jpg 300w, https:\/\/iletim.istanbul.edu.tr\/wp-content\/uploads\/DSC_0407-768x510.jpg 768w\" data-expand=\"700\" \/><\/a>\n                <\/div><\/figure><figure class='gallery-item'>\n                <div class='gallery-icon landscape'>\n                    <a href='https:\/\/iletim.istanbul.edu.tr\/wp-content\/uploads\/DSC_0423.jpg'><img loading=\"lazy\" decoding=\"async\" width=\"1024\" height=\"680\" src=\"\" class=\"attachment-large size-large lazyload\" alt=\"\" data-src=\"https:\/\/iletim.istanbul.edu.tr\/wp-content\/uploads\/DSC_0423-1024x680.jpg\" data-sizes=\"auto\" data-srcset=\"https:\/\/iletim.istanbul.edu.tr\/wp-content\/uploads\/DSC_0423-1024x680.jpg 1024w, https:\/\/iletim.istanbul.edu.tr\/wp-content\/uploads\/DSC_0423-300x199.jpg 300w, https:\/\/iletim.istanbul.edu.tr\/wp-content\/uploads\/DSC_0423-768x510.jpg 768w\" data-expand=\"700\" \/><\/a>\n                <\/div><\/figure><figure class='gallery-item'>\n                <div class='gallery-icon landscape'>\n                    <a href='https:\/\/iletim.istanbul.edu.tr\/wp-content\/uploads\/DSC_0440-1.jpg'><img loading=\"lazy\" decoding=\"async\" width=\"1024\" height=\"680\" src=\"\" class=\"attachment-large size-large lazyload\" alt=\"\" data-src=\"https:\/\/iletim.istanbul.edu.tr\/wp-content\/uploads\/DSC_0440-1-1024x680.jpg\" data-sizes=\"auto\" data-srcset=\"https:\/\/iletim.istanbul.edu.tr\/wp-content\/uploads\/DSC_0440-1-1024x680.jpg 1024w, https:\/\/iletim.istanbul.edu.tr\/wp-content\/uploads\/DSC_0440-1-300x199.jpg 300w, https:\/\/iletim.istanbul.edu.tr\/wp-content\/uploads\/DSC_0440-1-768x510.jpg 768w\" data-expand=\"700\" \/><\/a>\n                <\/div><\/figure><figure class='gallery-item'>\n                <div class='gallery-icon landscape'>\n                    <a href='https:\/\/iletim.istanbul.edu.tr\/wp-content\/uploads\/DSC_0455-1.jpg'><img loading=\"lazy\" decoding=\"async\" width=\"1024\" height=\"680\" src=\"\" class=\"attachment-large size-large lazyload\" alt=\"\" data-src=\"https:\/\/iletim.istanbul.edu.tr\/wp-content\/uploads\/DSC_0455-1-1024x680.jpg\" data-sizes=\"auto\" data-srcset=\"https:\/\/iletim.istanbul.edu.tr\/wp-content\/uploads\/DSC_0455-1-1024x680.jpg 1024w, https:\/\/iletim.istanbul.edu.tr\/wp-content\/uploads\/DSC_0455-1-300x199.jpg 300w, https:\/\/iletim.istanbul.edu.tr\/wp-content\/uploads\/DSC_0455-1-768x510.jpg 768w\" data-expand=\"700\" \/><\/a>\n                <\/div><\/figure><br style=\"clear: both\" \/>\n            <\/div>\n\n<p>&nbsp;<\/p>\n","protected":false},"excerpt":{"rendered":"<p>Hande Nur OCAK \u0130stanbul Milli E\u011fitim M\u00fcd\u00fcrl\u00fc\u011f\u00fc, \u0130stanbul \u00dcniversitesi \u00d6zel E\u011fitim \u00d6\u011fretmenli\u011fi B\u00f6l\u00fcm\u00fc ve Lokman Hekim \u00d6zel E\u011fitim Uygulama Okulu ile ortakla\u015fa d\u00fczenlenen &#8220;2 Nisan Otizm Fark\u0131ndal\u0131k Etkinli\u011fi\u201d \u0130stanbul \u00dcniversitesi Prof. Dr. Fuat Sezgin Kongre ve K\u00fclt\u00fcr Merkezi&#8217;nde ger\u00e7ekle\u015ftirildi. Otizm Spektrum Bozuklu\u011fu (OSB), do\u011fu\u015ftan gelen ya da belirtileri ya\u015fam\u0131n ilk \u00fc\u00e7 y\u0131l\u0131nda kendini g\u00f6steren bir [&hellip;]<\/p>\n","protected":false},"author":14,"featured_media":9601,"comment_status":"open","ping_status":"open","sticky":false,"template":"","format":"standard","meta":{"jnews-multi-image_gallery":[],"jnews_single_post":[],"jnews_primary_category":[],"jnews_social_meta":[],"jnews_override_counter":[],"footnotes":""},"categories":[1],"tags":[],"class_list":["post-9564","post","type-post","status-publish","format-standard","has-post-thumbnail","hentry","category-genel"],"_links":{"self":[{"href":"https:\/\/iletim.istanbul.edu.tr\/index.php\/wp-json\/wp\/v2\/posts\/9564","targetHints":{"allow":["GET"]}}],"collection":[{"href":"https:\/\/iletim.istanbul.edu.tr\/index.php\/wp-json\/wp\/v2\/posts"}],"about":[{"href":"https:\/\/iletim.istanbul.edu.tr\/index.php\/wp-json\/wp\/v2\/types\/post"}],"author":[{"embeddable":true,"href":"https:\/\/iletim.istanbul.edu.tr\/index.php\/wp-json\/wp\/v2\/users\/14"}],"replies":[{"embeddable":true,"href":"https:\/\/iletim.istanbul.edu.tr\/index.php\/wp-json\/wp\/v2\/comments?post=9564"}],"version-history":[{"count":0,"href":"https:\/\/iletim.istanbul.edu.tr\/index.php\/wp-json\/wp\/v2\/posts\/9564\/revisions"}],"wp:featuredmedia":[{"embeddable":true,"href":"https:\/\/iletim.istanbul.edu.tr\/index.php\/wp-json\/wp\/v2\/media\/9601"}],"wp:attachment":[{"href":"https:\/\/iletim.istanbul.edu.tr\/index.php\/wp-json\/wp\/v2\/media?parent=9564"}],"wp:term":[{"taxonomy":"category","embeddable":true,"href":"https:\/\/iletim.istanbul.edu.tr\/index.php\/wp-json\/wp\/v2\/categories?post=9564"},{"taxonomy":"post_tag","embeddable":true,"href":"https:\/\/iletim.istanbul.edu.tr\/index.php\/wp-json\/wp\/v2\/tags?post=9564"}],"curies":[{"name":"wp","href":"https:\/\/api.w.org\/{rel}","templated":true}]}}