{"id":9609,"date":"2019-04-10T15:13:44","date_gmt":"2019-04-10T12:13:44","guid":{"rendered":"https:\/\/iletim.istanbul.edu.tr\/?p=9609"},"modified":"2019-04-10T15:13:44","modified_gmt":"2019-04-10T12:13:44","slug":"agiz-kanserleri-hakkinda-merak-edilenler","status":"publish","type":"post","link":"https:\/\/iletim.istanbul.edu.tr\/index.php\/2019\/04\/10\/agiz-kanserleri-hakkinda-merak-edilenler\/","title":{"rendered":"A\u011f\u0131z Kanserleri Hakk\u0131nda Merak Edilenler"},"content":{"rendered":"<p><strong>Ya\u011fmur Ceren KURAL<\/strong><\/p>\n<p>A\u011f\u0131z kanseri; a\u011f\u0131z bo\u015flu\u011fu, dudaklar, yanak mukozas\u0131, dil, alt ve \u00fcst \u00e7ene alveoler mukozas\u0131, a\u011f\u0131z taban\u0131, sert damak ve yumu\u015fak damakla s\u0131n\u0131rland\u0131r\u0131lm\u0131\u015f anatomik alanda g\u00f6r\u00fclen kanserler olarak tan\u0131mlanmaktad\u0131r. A\u011f\u0131z kanserleri hakk\u0131nda merak edilenleri \u0130stanbul \u00dcniversitesi Di\u015f Hekimli\u011fi Fak\u00fcltesi Dekan\u0131 Prof. Dr. G\u00fcls\u00fcm Ak anlatt\u0131.<\/p>\n<p>A\u011f\u0131z kanserlerinin d\u00fcnyada en \u00e7ok g\u00f6r\u00fclen kanserler aras\u0131nda alt\u0131nc\u0131 s\u0131rada yer ald\u0131\u011f\u0131n\u0131 kaydeden Prof. Dr. Ak, a\u011f\u0131z kanserlerinin s\u0131kl\u0131kla 40 ya\u015f \u00fcst\u00fc bireylerde ve kad\u0131nlardan ziyade erkeklerde daha fazla g\u00f6r\u00fcld\u00fc\u011f\u00fcn\u00fc belirtti. A\u011f\u0131z kanserinin genellikle a\u011fr\u0131s\u0131z oldu\u011funu, h\u0131zl\u0131 b\u00fcy\u00fcd\u00fc\u011f\u00fcn\u00fc ve belirti vermeyebilece\u011fini ifade eden Prof. Dr. Ak, bu nedenle erken d\u00f6nemde hastalar\u0131n a\u011f\u0131z kanserini fark etmelerinin g\u00fc\u00e7 olabilece\u011fine dikkat \u00e7ekti.<\/p>\n<p><strong>Erken Tan\u0131 Hayat Kurtar\u0131r<\/strong><\/p>\n<p>Rutin di\u015f hekimi muayenelerinin erken te\u015fhis ve tedavi a\u00e7\u0131s\u0131ndan \u00f6nemini vurgulayan Prof. Dr. Ak, \u201c3 haftadan uzun s\u00fcredir var olan, ge\u00e7meyen ve iyile\u015fme belirtisi g\u00f6stermeyen a\u011f\u0131z i\u00e7indeki renk ve \u015fi\u015flik gibi doku de\u011fi\u015fikli\u011fi bulunan lezyonlarda hastalar di\u015f hekimine ba\u015fvurmal\u0131d\u0131r. B\u00fcy\u00fcmekte olan bir t\u00fcm\u00f6r a\u011fr\u0131 ve ac\u0131 vermeyebilir ancak travmaya maruz kal\u0131p kanamaya sebep olabilecek \u00fclserler olu\u015ftu\u011funda hastalar a\u011fr\u0131dan \u015fikayet edebilir\u201d dedi.<\/p>\n<p>Prof. Dr. Ak, a\u011f\u0131z i\u00e7inde geli\u015fen t\u00fcm\u00f6rlerin; \u00e7i\u011fneme ve yutkunma g\u00fc\u00e7l\u00fc\u011f\u00fc, dil ve \u00e7ene hareketlerinde zorlanma, d\u00fczg\u00fcn konu\u015famama gibi fonksiyonel k\u0131s\u0131tlamalara neden olabilece\u011fini bildirdi. A\u011f\u0131z kanserleri olgular\u0131nda erken tan\u0131 konulmas\u0131n\u0131n sa\u011f kal\u0131m oran\u0131n\u0131 en \u00e7ok etkileyen fakt\u00f6rlerin ba\u015f\u0131nda geldi\u011fini aktaran Prof. Dr. Ak, a\u011f\u0131z i\u00e7erisindeki de\u011fi\u015fikliklerin varl\u0131\u011f\u0131nda ki\u015filerin ihmal etmeden hekime ba\u015fvurmas\u0131 gerekti\u011fini s\u00f6yledi.<\/p>\n<p><img decoding=\"async\" class=\"alignnone wp-image-9869 size-full\" src=\"https:\/\/iletim.istanbul.edu.tr\/wp-content\/uploads\/g\u00fcls\u00fcm-ak.jpg\" alt=\"\" width=\"450\" height=\"298\" srcset=\"https:\/\/iletim.istanbul.edu.tr\/wp-content\/uploads\/g\u00fcls\u00fcm-ak.jpg 450w, https:\/\/iletim.istanbul.edu.tr\/wp-content\/uploads\/g\u00fcls\u00fcm-ak-300x199.jpg 300w\" sizes=\"(max-width: 450px) 100vw, 450px\" \/><\/p>\n<p><strong>Korunmada En \u00d6nemli Unsur: \u201cA\u011f\u0131z Hijyeni\u201d<\/strong><\/p>\n<p>Prof. Dr. Ak, a\u011f\u0131z kanserlerinin g\u00f6r\u00fclme s\u0131kl\u0131\u011f\u0131n\u0131n ya\u015fa ba\u011fl\u0131 olarak artt\u0131\u011f\u0131n\u0131n alt\u0131n\u0131 \u00e7izerek s\u00f6zlerine \u015fu \u015fekilde devam etti: \u201cBaz\u0131 besinlerdeki karsinojen maddeler, doku uyumu olmayan k\u0131r\u0131k di\u015flerin yol a\u00e7t\u0131\u011f\u0131 kronik travmalar, a\u011f\u0131z kanserlerinin riskini artt\u0131rabilir. \u00d6zellikle a\u015f\u0131r\u0131 alkol t\u00fcketimi, sigara ve alkol\u00fcn beraber kullan\u0131lmas\u0131 ve t\u00fct\u00fcn\u00fcn \u00e7i\u011fnenmesi a\u011f\u0131z kanserine yakalanma riskini artt\u0131ran fakt\u00f6rlerdir. Ayr\u0131ca dudaklar b\u00f6lgesinde fazla g\u00fcne\u015f \u0131\u015f\u0131nlar\u0131na maruz kal\u0131nmas\u0131 gibi fakt\u00f6rlerin kanser riskini artt\u0131rd\u0131\u011f\u0131 bilinmektedir. Genetik yatk\u0131nl\u0131\u011f\u0131n yan\u0131 s\u0131ra, ya\u015fla birlikte azalan ba\u011f\u0131\u015f\u0131kl\u0131k, fiziksel ve kimyasal etkenler, vir\u00fcsler ve hormonlar a\u011f\u0131z kanserlerini ba\u015flat\u0131c\u0131 etkiler aras\u0131nda yer al\u0131r.\u201d<\/p>\n<p>A\u011f\u0131z kanserlerinden korunmada en \u00f6nemli unsurun a\u011f\u0131z hijyenine \u00f6zen g\u00f6sterilmesi oldu\u011funu belirten Prof. Dr. Ak, sigara ve alkolden uzak durulmas\u0131, rutin di\u015f hekimi muayenesi yap\u0131lmas\u0131 ve a\u011f\u0131zda travmatik lezyonlara neden olabilecek k\u00f6t\u00fc di\u015f ve uyumsuz protezlerin tedavi edilmesi gerekti\u011fini vurgulad\u0131.<\/p>\n<p><strong>\u201cTedavide Cerrahi ve Radyoterapi Y\u00f6ntemleri Kullan\u0131l\u0131r\u201d<\/strong><\/p>\n<p>A\u011f\u0131z kanserlerinin tedavisine de\u011finen Prof. Dr. Ak, \u201cA\u011f\u0131z kanserlerinde erken te\u015fhis ve tan\u0131 konmas\u0131, hastal\u0131\u011f\u0131n seyri ve tedavi planlamas\u0131 a\u00e7\u0131s\u0131ndan \u00f6nemlidir. A\u011f\u0131z kanserlerinin tedavisinde cerrahi ve radyoterapi y\u00f6ntemleri uygulanmaktad\u0131r. Cerrahi ve radyoterapi uygulanmas\u0131n\u0131n ard\u0131ndan komplikasyon olarak a\u011f\u0131z a\u00e7\u0131kl\u0131\u011f\u0131nda k\u0131s\u0131tl\u0131l\u0131k, a\u011f\u0131z kurulu\u011fu, yutma g\u00fc\u00e7l\u00fc\u011f\u00fc, tat de\u011fi\u015fiklikleri ve di\u015f \u00e7\u00fcr\u00fckleri g\u00f6r\u00fclebilir. Bu nedenle \u00f6zellikle radyoterapi s\u0131ras\u0131nda ve sonras\u0131nda kar\u015f\u0131la\u015fabilecek problemlerle ilgili di\u015f hekimine d\u00fczenli olarak kontrole gidilmelidir\u201d \u015feklinde konu\u015farak s\u00f6zlerini noktalad\u0131.<\/p>\n<p><img decoding=\"async\" class=\"alignnone wp-image-9874 size-medium\" src=\"https:\/\/iletim.istanbul.edu.tr\/wp-content\/uploads\/Resim-118b.-Aksiyal-BT-g\u00f6r\u00fcnt\u00fcs\u00fc-300x265.jpg\" alt=\"\" width=\"300\" height=\"265\" srcset=\"https:\/\/iletim.istanbul.edu.tr\/wp-content\/uploads\/Resim-118b.-Aksiyal-BT-g\u00f6r\u00fcnt\u00fcs\u00fc-300x265.jpg 300w, https:\/\/iletim.istanbul.edu.tr\/wp-content\/uploads\/Resim-118b.-Aksiyal-BT-g\u00f6r\u00fcnt\u00fcs\u00fc-768x677.jpg 768w, https:\/\/iletim.istanbul.edu.tr\/wp-content\/uploads\/Resim-118b.-Aksiyal-BT-g\u00f6r\u00fcnt\u00fcs\u00fc.jpg 1018w\" sizes=\"(max-width: 300px) 100vw, 300px\" \/><\/p>\n","protected":false},"excerpt":{"rendered":"<p>A\u011f\u0131z kanseri; a\u011f\u0131z bo\u015flu\u011fu, dudaklar, yanak mukozas\u0131, dil, alt ve \u00fcst \u00e7ene alveoler mukozas\u0131, a\u011f\u0131z taban\u0131, sert damak ve yumu\u015fak damakla s\u0131n\u0131rland\u0131r\u0131lm\u0131\u015f anatomik alanda g\u00f6r\u00fclen kanserler olarak tan\u0131mlanmaktad\u0131r. A\u011f\u0131z kanserleri hakk\u0131nda merak edilenleri \u0130stanbul \u00dcniversitesi Di\u015f Hekimli\u011fi Fak\u00fcltesi Dekan\u0131 Prof. Dr. G\u00fcls\u00fcm Ak anlatt\u0131.<\/p>\n","protected":false},"author":14,"featured_media":9876,"comment_status":"open","ping_status":"open","sticky":false,"template":"","format":"standard","meta":{"jnews-multi-image_gallery":[],"jnews_single_post":[],"jnews_primary_category":[],"jnews_social_meta":[],"jnews_override_counter":[],"footnotes":""},"categories":[32],"tags":[826,828,827],"class_list":["post-9609","post","type-post","status-publish","format-standard","has-post-thumbnail","hentry","category-saglik","tag-agiz-kanseri","tag-dis-hekimligi","tag-prof-dr-gulsum-ak"],"_links":{"self":[{"href":"https:\/\/iletim.istanbul.edu.tr\/index.php\/wp-json\/wp\/v2\/posts\/9609","targetHints":{"allow":["GET"]}}],"collection":[{"href":"https:\/\/iletim.istanbul.edu.tr\/index.php\/wp-json\/wp\/v2\/posts"}],"about":[{"href":"https:\/\/iletim.istanbul.edu.tr\/index.php\/wp-json\/wp\/v2\/types\/post"}],"author":[{"embeddable":true,"href":"https:\/\/iletim.istanbul.edu.tr\/index.php\/wp-json\/wp\/v2\/users\/14"}],"replies":[{"embeddable":true,"href":"https:\/\/iletim.istanbul.edu.tr\/index.php\/wp-json\/wp\/v2\/comments?post=9609"}],"version-history":[{"count":0,"href":"https:\/\/iletim.istanbul.edu.tr\/index.php\/wp-json\/wp\/v2\/posts\/9609\/revisions"}],"wp:featuredmedia":[{"embeddable":true,"href":"https:\/\/iletim.istanbul.edu.tr\/index.php\/wp-json\/wp\/v2\/media\/9876"}],"wp:attachment":[{"href":"https:\/\/iletim.istanbul.edu.tr\/index.php\/wp-json\/wp\/v2\/media?parent=9609"}],"wp:term":[{"taxonomy":"category","embeddable":true,"href":"https:\/\/iletim.istanbul.edu.tr\/index.php\/wp-json\/wp\/v2\/categories?post=9609"},{"taxonomy":"post_tag","embeddable":true,"href":"https:\/\/iletim.istanbul.edu.tr\/index.php\/wp-json\/wp\/v2\/tags?post=9609"}],"curies":[{"name":"wp","href":"https:\/\/api.w.org\/{rel}","templated":true}]}}