{"id":9616,"date":"2019-04-03T17:46:44","date_gmt":"2019-04-03T14:46:44","guid":{"rendered":"https:\/\/iletim.istanbul.edu.tr\/?p=9616"},"modified":"2019-04-03T18:13:22","modified_gmt":"2019-04-03T15:13:22","slug":"kurulusunun-174-yil-donumunde-turk-polis-teskilati-sempozyumu-basladi","status":"publish","type":"post","link":"https:\/\/iletim.istanbul.edu.tr\/index.php\/2019\/04\/03\/kurulusunun-174-yil-donumunde-turk-polis-teskilati-sempozyumu-basladi\/","title":{"rendered":"Kurulu\u015funun 174. Y\u0131l D\u00f6n\u00fcm\u00fcnde T\u00fcrk Polis Te\u015fkilat\u0131 Sempozyumu Ba\u015flad\u0131"},"content":{"rendered":"<p><strong>Emine \u00d6zge KONDAK\u00c7I<\/strong><\/p>\n<p>\u0130stanbul Emniyet M\u00fcd\u00fcrl\u00fc\u011f\u00fc ve \u0130stanbul \u00dcniversitesi (\u0130\u00dc) \u0130leti\u015fim Fak\u00fcltesi i\u015f birli\u011fi ile T\u00fcrk Polis Te\u015fkilat\u0131n\u0131n 174. kurulu\u015f y\u0131ld\u00f6n\u00fcm\u00fc kapsam\u0131nda d\u00fczenlenen, \u201cDijital \u00c7a\u011fda G\u00fcvenli\u011fin D\u00f6n\u00fc\u015f\u00fcm\u00fc ve Bir \u0130\u00e7 G\u00fcvenlik Akt\u00f6r\u00fc Olarak Polis Sempozyumu\u201d \u0130stanbul Emniyet M\u00fcd\u00fcrl\u00fc\u011f\u00fc Polis E\u011fitim ve Kongre Merkezinde 3 Nisan\u2019da ger\u00e7ekle\u015ftirildi.<\/p>\n<p>Sempozyum, \u0130stanbul Emniyet M\u00fcd\u00fcr\u00fc Dr. Mustafa \u00c7al\u0131\u015fkan ve \u0130\u00dc Rekt\u00f6r\u00fc Prof. Dr. Mahmut Ak\u2019\u0131n a\u00e7\u0131l\u0131\u015f konu\u015fmalar\u0131yla ba\u015flad\u0131.<\/p>\n<p>Su\u00e7 olgusunun insanl\u0131k tarihi kadar eski oldu\u011funu belirten Dr. Mustafa \u00c7al\u0131\u015fkan, \u201cSu\u00e7 kavram\u0131 zamana ve toplumlara g\u00f6re de\u011fi\u015fmekle birlikte, tarih boyunca su\u00e7 i\u015fleyeni cezaland\u0131rma ve su\u00e7u \u00f6nleme gayretleri tart\u0131\u015f\u0131lm\u0131\u015f, \u00e7e\u015fitli uygulamalar s\u00f6z konusu olmu\u015ftur\u201d \u015feklinde konu\u015ftu. Dr. \u00c7al\u0131\u015fkan su\u00e7un ayd\u0131nlat\u0131lmas\u0131nda kullan\u0131lan y\u00f6ntemlerin zaman i\u00e7erisinde toplumlar\u0131n ekonomik, k\u00fclt\u00fcrel ve bilimsel geli\u015fimine paralel olarak yenilendi\u011fini belirtti.<\/p>\n<p>\u00c7al\u0131\u015fkan\u2019\u0131n konu\u015fmas\u0131n\u0131n ard\u0131ndan, Prof. Dr. Mahmut Ak s\u00f6z ald\u0131. \u201cHalk\u0131n can ve mal g\u00fcvenli\u011fi ile toplumun huzuru i\u00e7in, kendi canlar\u0131 d\u00e2hil her t\u00fcrl\u00fc fedak\u00e2rl\u0131\u011f\u0131 g\u00f6ze alan polis te\u015fkilat\u0131m\u0131z\u0131n 174. kurulu\u015f y\u0131l d\u00f6n\u00fcm\u00fcn\u00fc kutluyorum\u201d diyen Prof. Dr. Ak \u015fu ifadeleri kulland\u0131: \u201cDevletin en k\u00f6kl\u00fc kurumlar\u0131ndan biri olan T\u00fcrk Polis Te\u015fkilat\u0131, bireylerin temel hak ve \u00f6zg\u00fcrl\u00fcklerinin korunmas\u0131 ve toplumun d\u00fczen i\u00e7erisinde ya\u015fam\u0131n\u0131 s\u00fcrd\u00fcrebilmesi i\u00e7in hukuka ve yasalara ba\u011fl\u0131l\u0131k i\u00e7erisinde g\u00fcvenlik hizmeti sunmaktad\u0131r.\u201d<\/p>\n<p>Sempozyum, Dr. \u00c7al\u0131\u015fkan\u2019\u0131n, Prof. Dr. Ak\u2019a te\u015fekk\u00fcr belgesi takdim etmesiyle devam etti.<\/p>\n<p>Prof. Dr. Erhan Afyoncu\u2019nun moderat\u00f6rl\u00fc\u011f\u00fcn\u00fc \u00fcstlendi\u011fi oturumda, \u201cToplumun Su\u00e7 Profili ve Toplum Destekli Polislik Uygulamalar\u0131\u201d konusu hakk\u0131nda \u0130stanbul Emniyet M\u00fcd\u00fcr\u00fc Dr. Mustafa \u00c7al\u0131\u015fkan, \u0130stanbul \u0130l Emniyet M\u00fcd\u00fcr\u00fc Dr. Atalay Bahar ve \u0130\u00dc \u0130leti\u015fim Fak\u00fcltesi Ar\u015f. G\u00f6r. Dr. Derya G\u00fcl \u00dcnl\u00fc de\u011ferlendirmelerde bulundu.\u00a0Dr. \u00c7al\u0131\u015fkan konu\u015fmas\u0131nda su\u00e7 ve su\u00e7lu profilleri, g\u00f6\u00e7le ili\u015fkili su\u00e7lar ve su\u00e7la m\u00fccadele konusuna odaklan\u0131rken, Dr. Bahar 155 ihbar hatt\u0131 kullan\u0131m alg\u0131s\u0131 ve ihbar sisteminin nas\u0131l i\u015fledi\u011fi konular\u0131na de\u011findi. Sempozyum, say\u0131sal verilerle kat\u0131l\u0131mc\u0131lar\u0131n bilgilendirilmesinin ard\u0131ndan, kat\u0131l\u0131mc\u0131lardan gelen sorular\u0131n yan\u0131tlanmas\u0131 ile son buldu.<\/p>\n<p>Sempozyum, 4 Nisan tarihinde ikinci oturumla devam edecek.<\/p>\n<div id='gallery_1' class='gallery galleryid-9616 gallery-columns-4 gallery-size-thumbnail'><figure class='gallery-item'>\n                <div class='gallery-icon landscape'>\n                    <a href='https:\/\/iletim.istanbul.edu.tr\/wp-content\/uploads\/WhatsApp-Image-2019-04-03-at-15.12.20.jpeg'><img loading=\"lazy\" decoding=\"async\" width=\"150\" height=\"150\" src=\"\" class=\"attachment-thumbnail size-thumbnail lazyload\" alt=\"\" data-src=\"https:\/\/iletim.istanbul.edu.tr\/wp-content\/uploads\/WhatsApp-Image-2019-04-03-at-15.12.20-150x150.jpeg\" data-sizes=\"auto\" data-srcset=\"\" data-expand=\"700\" \/><\/a>\n                <\/div><\/figure><figure class='gallery-item'>\n                <div class='gallery-icon landscape'>\n                    <a href='https:\/\/iletim.istanbul.edu.tr\/wp-content\/uploads\/WhatsApp-Image-2019-04-03-at-15.12.12-1.jpeg'><img loading=\"lazy\" decoding=\"async\" width=\"150\" height=\"150\" src=\"\" class=\"attachment-thumbnail size-thumbnail lazyload\" alt=\"\" data-src=\"https:\/\/iletim.istanbul.edu.tr\/wp-content\/uploads\/WhatsApp-Image-2019-04-03-at-15.12.12-1-150x150.jpeg\" data-sizes=\"auto\" data-srcset=\"\" data-expand=\"700\" \/><\/a>\n                <\/div><\/figure><figure class='gallery-item'>\n                <div class='gallery-icon landscape'>\n                    <a href='https:\/\/iletim.istanbul.edu.tr\/wp-content\/uploads\/WhatsApp-Image-2019-04-03-at-15.12.13.jpeg'><img loading=\"lazy\" decoding=\"async\" width=\"150\" height=\"150\" src=\"\" class=\"attachment-thumbnail size-thumbnail lazyload\" alt=\"\" data-src=\"https:\/\/iletim.istanbul.edu.tr\/wp-content\/uploads\/WhatsApp-Image-2019-04-03-at-15.12.13-150x150.jpeg\" data-sizes=\"auto\" data-srcset=\"\" data-expand=\"700\" \/><\/a>\n                <\/div><\/figure><figure class='gallery-item'>\n                <div class='gallery-icon landscape'>\n                    <a href='https:\/\/iletim.istanbul.edu.tr\/wp-content\/uploads\/WhatsApp-Image-2019-04-03-at-15.12.22-2.jpeg'><img loading=\"lazy\" decoding=\"async\" width=\"150\" height=\"150\" src=\"\" class=\"attachment-thumbnail size-thumbnail lazyload\" alt=\"\" data-src=\"https:\/\/iletim.istanbul.edu.tr\/wp-content\/uploads\/WhatsApp-Image-2019-04-03-at-15.12.22-2-150x150.jpeg\" data-sizes=\"auto\" data-srcset=\"\" data-expand=\"700\" \/><\/a>\n                <\/div><\/figure><br style=\"clear: both\" \/><figure class='gallery-item'>\n                <div class='gallery-icon landscape'>\n                    <a href='https:\/\/iletim.istanbul.edu.tr\/wp-content\/uploads\/WhatsApp-Image-2019-04-03-at-15.12.22.jpeg'><img loading=\"lazy\" decoding=\"async\" width=\"150\" height=\"150\" src=\"\" class=\"attachment-thumbnail size-thumbnail lazyload\" alt=\"\" data-src=\"https:\/\/iletim.istanbul.edu.tr\/wp-content\/uploads\/WhatsApp-Image-2019-04-03-at-15.12.22-150x150.jpeg\" data-sizes=\"auto\" data-srcset=\"\" data-expand=\"700\" \/><\/a>\n                <\/div><\/figure><figure class='gallery-item'>\n                <div class='gallery-icon landscape'>\n                    <a href='https:\/\/iletim.istanbul.edu.tr\/wp-content\/uploads\/WhatsApp-Image-2019-04-03-at-15.12.22-3.jpeg'><img loading=\"lazy\" decoding=\"async\" width=\"150\" height=\"150\" src=\"\" class=\"attachment-thumbnail size-thumbnail lazyload\" alt=\"\" data-src=\"https:\/\/iletim.istanbul.edu.tr\/wp-content\/uploads\/WhatsApp-Image-2019-04-03-at-15.12.22-3-150x150.jpeg\" data-sizes=\"auto\" data-srcset=\"\" data-expand=\"700\" \/><\/a>\n                <\/div><\/figure><figure class='gallery-item'>\n                <div class='gallery-icon landscape'>\n                    <a href='https:\/\/iletim.istanbul.edu.tr\/wp-content\/uploads\/IMG_0360.jpg'><img loading=\"lazy\" decoding=\"async\" width=\"150\" height=\"150\" src=\"\" class=\"attachment-thumbnail size-thumbnail lazyload\" alt=\"\" data-src=\"https:\/\/iletim.istanbul.edu.tr\/wp-content\/uploads\/IMG_0360-150x150.jpg\" data-sizes=\"auto\" data-srcset=\"\" data-expand=\"700\" \/><\/a>\n                <\/div><\/figure>\n                <br style='clear: both' \/>\n            <\/div>\n\n","protected":false},"excerpt":{"rendered":"<p>Emine \u00d6zge KONDAK\u00c7I \u0130stanbul Emniyet M\u00fcd\u00fcrl\u00fc\u011f\u00fc ve \u0130stanbul \u00dcniversitesi (\u0130\u00dc) \u0130leti\u015fim Fak\u00fcltesi i\u015f birli\u011fi ile T\u00fcrk Polis Te\u015fkilat\u0131n\u0131n 174. kurulu\u015f y\u0131ld\u00f6n\u00fcm\u00fc kapsam\u0131nda d\u00fczenlenen, \u201cDijital \u00c7a\u011fda G\u00fcvenli\u011fin D\u00f6n\u00fc\u015f\u00fcm\u00fc ve Bir \u0130\u00e7 G\u00fcvenlik Akt\u00f6r\u00fc Olarak Polis Sempozyumu\u201d \u0130stanbul Emniyet M\u00fcd\u00fcrl\u00fc\u011f\u00fc Polis E\u011fitim ve Kongre Merkezinde 3 Nisan\u2019da ger\u00e7ekle\u015ftirildi. Sempozyum, \u0130stanbul Emniyet M\u00fcd\u00fcr\u00fc Dr. Mustafa \u00c7al\u0131\u015fkan ve \u0130\u00dc [&hellip;]<\/p>\n","protected":false},"author":14,"featured_media":9642,"comment_status":"open","ping_status":"open","sticky":false,"template":"","format":"standard","meta":{"jnews-multi-image_gallery":[],"jnews_single_post":[],"jnews_primary_category":[],"jnews_social_meta":[],"jnews_override_counter":[],"footnotes":""},"categories":[178],"tags":[829,831,830],"class_list":["post-9616","post","type-post","status-publish","format-standard","has-post-thumbnail","hentry","category-fakultemizden","tag-polis-teskilati","tag-polis-teskilati-sempozyumu","tag-turk-polis-teskilati"],"_links":{"self":[{"href":"https:\/\/iletim.istanbul.edu.tr\/index.php\/wp-json\/wp\/v2\/posts\/9616","targetHints":{"allow":["GET"]}}],"collection":[{"href":"https:\/\/iletim.istanbul.edu.tr\/index.php\/wp-json\/wp\/v2\/posts"}],"about":[{"href":"https:\/\/iletim.istanbul.edu.tr\/index.php\/wp-json\/wp\/v2\/types\/post"}],"author":[{"embeddable":true,"href":"https:\/\/iletim.istanbul.edu.tr\/index.php\/wp-json\/wp\/v2\/users\/14"}],"replies":[{"embeddable":true,"href":"https:\/\/iletim.istanbul.edu.tr\/index.php\/wp-json\/wp\/v2\/comments?post=9616"}],"version-history":[{"count":0,"href":"https:\/\/iletim.istanbul.edu.tr\/index.php\/wp-json\/wp\/v2\/posts\/9616\/revisions"}],"wp:featuredmedia":[{"embeddable":true,"href":"https:\/\/iletim.istanbul.edu.tr\/index.php\/wp-json\/wp\/v2\/media\/9642"}],"wp:attachment":[{"href":"https:\/\/iletim.istanbul.edu.tr\/index.php\/wp-json\/wp\/v2\/media?parent=9616"}],"wp:term":[{"taxonomy":"category","embeddable":true,"href":"https:\/\/iletim.istanbul.edu.tr\/index.php\/wp-json\/wp\/v2\/categories?post=9616"},{"taxonomy":"post_tag","embeddable":true,"href":"https:\/\/iletim.istanbul.edu.tr\/index.php\/wp-json\/wp\/v2\/tags?post=9616"}],"curies":[{"name":"wp","href":"https:\/\/api.w.org\/{rel}","templated":true}]}}