{"id":1426,"count":1,"description":"","link":"https:\/\/iletim.istanbul.edu.tr\/index.php\/tag\/covid-19-fotograf-yarismasi\/","name":"covid-19 foto\u011fraf yar\u0131\u015fmas\u0131","slug":"covid-19-fotograf-yarismasi","taxonomy":"post_tag","meta":[],"_links":{"self":[{"href":"https:\/\/iletim.istanbul.edu.tr\/index.php\/wp-json\/wp\/v2\/tags\/1426","targetHints":{"allow":["GET"]}}],"collection":[{"href":"https:\/\/iletim.istanbul.edu.tr\/index.php\/wp-json\/wp\/v2\/tags"}],"about":[{"href":"https:\/\/iletim.istanbul.edu.tr\/index.php\/wp-json\/wp\/v2\/taxonomies\/post_tag"}],"wp:post_type":[{"href":"https:\/\/iletim.istanbul.edu.tr\/index.php\/wp-json\/wp\/v2\/posts?tags=1426"}],"curies":[{"name":"wp","href":"https:\/\/api.w.org\/{rel}","templated":true}]}}